{"id":9067,"date":"2023-12-20T21:46:34","date_gmt":"2023-12-20T21:46:34","guid":{"rendered":"https:\/\/radiocresatelital.com\/?p=9067"},"modified":"2023-12-20T21:46:34","modified_gmt":"2023-12-20T21:46:34","slug":"ministerio-de-educacion-comparecio-ante-la-comision-de-la-asamblea-nacional-sobre-el-escalafonamiento-docente","status":"publish","type":"post","link":"https:\/\/radiocresatelital.com\/?p=9067","title":{"rendered":"Ministerio de Educaci\u00f3n compareci\u00f3 ante la comisi\u00f3n de la Asamblea Nacional sobre el escalafonamiento docente"},"content":{"rendered":"<p>Quito.-\u00a0El ministro de Educaci\u00f3n (S), Diego Paz, compareci\u00f3 ante la Comisi\u00f3n de Educaci\u00f3n, Cultura, Ciencia, Tecnolog\u00eda, Innovaci\u00f3n y Saberes Ancestrales, en la sesi\u00f3n del mi\u00e9rcoles 20 de diciembre de 2023. Durante su intervenci\u00f3n abord\u00f3 la situaci\u00f3n del escalafonamiento docente, contenido en la Disposici\u00f3n Transitoria Trig\u00e9sima Tercera de la Ley Org\u00e1nica de Educaci\u00f3n Intercultural (LOEI).<\/p>\n<p>La mencionada disposici\u00f3n establece que los docentes con m\u00e1s de 25 a\u00f1os en el magisterio y que cumplan con los requisitos de profesionalizaci\u00f3n y formaci\u00f3n, deben ser escalafonados bajo la categor\u00eda correspondiente. El Gobierno Central, a trav\u00e9s del Ministerio de Educaci\u00f3n, inici\u00f3 este proceso el pasado 10 de mayo de 2023, con el objetivo de cumplir con lo dispuesto. Sin embargo, su aplicaci\u00f3n se vio afectada por diversas suspensiones judiciales interpuestas por docentes, siendo las m\u00e1s relevantes las del 23 de mayo y 26 de julio de 2023.<\/p>\n<p>La contradicci\u00f3n entre la LOEI, su Reglamento, y la Ley Org\u00e1nica de Educaci\u00f3n Superior gener\u00f3 dificultades en la aplicaci\u00f3n de la norma, dejando por fuera de este proceso a varios de los docentes con posibilidad de acceder a este beneficio. El 20 de noviembre de 2023 el proceso fue suspendido. Esta administraci\u00f3n asumi\u00f3 el reto de cumplir con este derecho, resaltando que el pago retroactivo a los docentes beneficiados deber\u00e1 efectuarse contando desde el 28 de julio de 2023. Siendo un beneficio irrenunciable, se ha dispuesto ejecutar el procedimiento de manera inmediata.<\/p>\n<p>Es importante destacar que, durante la ejecuci\u00f3n del proceso, con la aplicaci\u00f3n de las nuevas disposiciones del reglamento, el universo de beneficiados es aproximadamente 11 300 docentes, los cuales cumplen con los requisitos establecidos: tener m\u00e1s de 25 a\u00f1os de carrera docente, as\u00ed como profesionalizaci\u00f3n y formaci\u00f3n.<\/p>\n<p>El Ministerio de Educaci\u00f3n reafirma su compromiso con la transparencia y la aplicaci\u00f3n de las disposiciones legales para garantizar el bienestar de los maestros, en el marco de la revalorizaci\u00f3n de los profesionales de la educaci\u00f3n.<\/p>\n","protected":false},"excerpt":{"rendered":"<p>Quito.-\u00a0El ministro de Educaci\u00f3n (S), Diego Paz, compareci\u00f3 ante la Comisi\u00f3n de Educaci\u00f3n, Cultura, Ciencia, Tecnolog\u00eda, Innovaci\u00f3n y Saberes Ancestrales, en la sesi\u00f3n del mi\u00e9rcoles 20 de diciembre de 2023. Durante su intervenci\u00f3n abord\u00f3 la situaci\u00f3n del escalafonamiento docente, contenido en la Disposici\u00f3n Transitoria Trig\u00e9sima Tercera de la Ley Org\u00e1nica de Educaci\u00f3n Intercultural (LOEI). La [&hellip;]<\/p>\n","protected":false},"author":2,"featured_media":9068,"comment_status":"open","ping_status":"closed","sticky":false,"template":"","format":"standard","meta":{"_jetpack_memberships_contains_paid_content":false,"footnotes":""},"categories":[13],"tags":[1561,1560],"class_list":["post-9067","post","type-post","status-publish","format-standard","has-post-thumbnail","hentry","category-noticias-nacionales","tag-diego-paz","tag-ministro-de-educacion-s"],"jetpack_featured_media_url":"https:\/\/radiocresatelital.com\/wp-content\/uploads\/2023\/12\/comparesencia-8.png","jetpack_sharing_enabled":true,"_links":{"self":[{"href":"https:\/\/radiocresatelital.com\/index.php?rest_route=\/wp\/v2\/posts\/9067","targetHints":{"allow":["GET"]}}],"collection":[{"href":"https:\/\/radiocresatelital.com\/index.php?rest_route=\/wp\/v2\/posts"}],"about":[{"href":"https:\/\/radiocresatelital.com\/index.php?rest_route=\/wp\/v2\/types\/post"}],"author":[{"embeddable":true,"href":"https:\/\/radiocresatelital.com\/index.php?rest_route=\/wp\/v2\/users\/2"}],"replies":[{"embeddable":true,"href":"https:\/\/radiocresatelital.com\/index.php?rest_route=%2Fwp%2Fv2%2Fcomments&post=9067"}],"version-history":[{"count":1,"href":"https:\/\/radiocresatelital.com\/index.php?rest_route=\/wp\/v2\/posts\/9067\/revisions"}],"predecessor-version":[{"id":9069,"href":"https:\/\/radiocresatelital.com\/index.php?rest_route=\/wp\/v2\/posts\/9067\/revisions\/9069"}],"wp:featuredmedia":[{"embeddable":true,"href":"https:\/\/radiocresatelital.com\/index.php?rest_route=\/wp\/v2\/media\/9068"}],"wp:attachment":[{"href":"https:\/\/radiocresatelital.com\/index.php?rest_route=%2Fwp%2Fv2%2Fmedia&parent=9067"}],"wp:term":[{"taxonomy":"category","embeddable":true,"href":"https:\/\/radiocresatelital.com\/index.php?rest_route=%2Fwp%2Fv2%2Fcategories&post=9067"},{"taxonomy":"post_tag","embeddable":true,"href":"https:\/\/radiocresatelital.com\/index.php?rest_route=%2Fwp%2Fv2%2Ftags&post=9067"}],"curies":[{"name":"wp","href":"https:\/\/api.w.org\/{rel}","templated":true}]}}