{"id":9057,"date":"2023-12-20T20:36:52","date_gmt":"2023-12-20T20:36:52","guid":{"rendered":"https:\/\/radiocresatelital.com\/?p=9057"},"modified":"2023-12-20T20:37:02","modified_gmt":"2023-12-20T20:37:02","slug":"guayalma-la-primera-tienda-de-emprendimientos-de-la-prefectura-ciudadana-del-guayas","status":"publish","type":"post","link":"https:\/\/radiocresatelital.com\/?p=9057","title":{"rendered":"Guayalma, la primera tienda de emprendimientos de la Prefectura Ciudadana del Guayas"},"content":{"rendered":"<p><span style=\"font-weight: 400;\">Guayaquil.- La Prefecta Marcela Agui\u00f1aga inaugur\u00f3 este nuevo espacio, que constituye un hito de reactivaci\u00f3n econ\u00f3mica en la provincia<\/span><\/p>\n<p><span style=\"font-weight: 400;\">Si es Guayas es nuestro. Bajo ese eslogan, la Prefectura Ciudadana del Guayas abri\u00f3 las puertas de su primera tienda de emprendimientos: Guayalma.<\/span><\/p>\n<p><span style=\"font-weight: 400;\">En la planta baja del edificio institucional, ubicado frente al malec\u00f3n Sim\u00f3n Bol\u00edvar, la prefecta Marcela Agui\u00f1aga le dio la bienvenida a los 45 emprendedores con que se inicia este proyecto de reactivaci\u00f3n econ\u00f3mica.<\/span><\/p>\n<p><span style=\"font-weight: 400;\">\u201cTengo el coraz\u00f3n lleno de esperanza. No solo somos el pa\u00eds de las noticias malas, somos el pa\u00eds de gente aguerrida, trabajadora, que se levanta todos los d\u00edas a forjar sus sue\u00f1os\u201d, dijo la ejecutiva provincial.<\/span><\/p>\n<p><span style=\"font-weight: 400;\">Guayalma es un proyecto dedicado a impulsar la exposici\u00f3n de los productos y marcas de los peque\u00f1os emprendimientos de la provincia que han participado de las capacitaciones de la Prefectura Ciudadana del Guayas.<\/span><\/p>\n<p><span style=\"font-weight: 400;\">\u201cTenemos grandes desaf\u00edos en la provincia\u2026Somos gente que no se da por vencida f\u00e1cilmente\u201d, dijo la prefecta, previo al corte de cinta junto al viceprefecto Carlos Serrano; al ministro de Turismo, Niels Olsen; y, al gobernador del Guayas, Alberto Molina.<\/span><\/p>\n<p><span style=\"font-weight: 400;\">A nombre de los emprendedores, Diana Guti\u00e9rrez, de la marca D\u2019Aj\u00ed, destac\u00f3 el trabajo en equipo con la Prefectura para crear este espacio. \u201cNos permitir\u00e1 comercializar nuestros productos hechos no solo con nuestras manos sino con el alma\u201d. Acto seguido, entreg\u00f3 una placa a la prefecta Agui\u00f1aga.<\/span><\/p>\n<p><span style=\"font-weight: 400;\">El ministro Olsen resalt\u00f3 las acciones de la Prefecta del Guayas para la reactivaci\u00f3n de la industria del turismo. Tambi\u00e9n invit\u00f3 a que participen en Emprende Turismo, un programa del Ministerio que destinar\u00e1 USD 250.000 no reembolsables para emprendedores del pa\u00eds.<\/span><\/p>\n<p><span style=\"font-weight: 400;\">La ciudadan\u00eda en general podr\u00e1 acceder a la tienda Guayalma, ubicada en Malec\u00f3n e Illingworth. All\u00ed podr\u00e1n encontrar productos de los actuales y futuros emprendedores.<\/span><\/p>\n","protected":false},"excerpt":{"rendered":"<p>Guayaquil.- La Prefecta Marcela Agui\u00f1aga inaugur\u00f3 este nuevo espacio, que constituye un hito de reactivaci\u00f3n econ\u00f3mica en la provincia Si es Guayas es nuestro. Bajo ese eslogan, la Prefectura Ciudadana del Guayas abri\u00f3 las puertas de su primera tienda de emprendimientos: Guayalma. En la planta baja del edificio institucional, ubicado frente al malec\u00f3n Sim\u00f3n Bol\u00edvar, [&hellip;]<\/p>\n","protected":false},"author":2,"featured_media":9058,"comment_status":"open","ping_status":"closed","sticky":false,"template":"","format":"standard","meta":{"_jetpack_memberships_contains_paid_content":false,"footnotes":""},"categories":[13],"tags":[248,415],"class_list":["post-9057","post","type-post","status-publish","format-standard","has-post-thumbnail","hentry","category-noticias-nacionales","tag-marcela-aguinaga","tag-prefectura-ciudadana-del-guayas"],"jetpack_featured_media_url":"https:\/\/radiocresatelital.com\/wp-content\/uploads\/2023\/12\/WhatsApp-Image-2023-12-20-at-12.00.51-1-scaled.jpeg","jetpack_sharing_enabled":true,"_links":{"self":[{"href":"https:\/\/radiocresatelital.com\/index.php?rest_route=\/wp\/v2\/posts\/9057","targetHints":{"allow":["GET"]}}],"collection":[{"href":"https:\/\/radiocresatelital.com\/index.php?rest_route=\/wp\/v2\/posts"}],"about":[{"href":"https:\/\/radiocresatelital.com\/index.php?rest_route=\/wp\/v2\/types\/post"}],"author":[{"embeddable":true,"href":"https:\/\/radiocresatelital.com\/index.php?rest_route=\/wp\/v2\/users\/2"}],"replies":[{"embeddable":true,"href":"https:\/\/radiocresatelital.com\/index.php?rest_route=%2Fwp%2Fv2%2Fcomments&post=9057"}],"version-history":[{"count":1,"href":"https:\/\/radiocresatelital.com\/index.php?rest_route=\/wp\/v2\/posts\/9057\/revisions"}],"predecessor-version":[{"id":9059,"href":"https:\/\/radiocresatelital.com\/index.php?rest_route=\/wp\/v2\/posts\/9057\/revisions\/9059"}],"wp:featuredmedia":[{"embeddable":true,"href":"https:\/\/radiocresatelital.com\/index.php?rest_route=\/wp\/v2\/media\/9058"}],"wp:attachment":[{"href":"https:\/\/radiocresatelital.com\/index.php?rest_route=%2Fwp%2Fv2%2Fmedia&parent=9057"}],"wp:term":[{"taxonomy":"category","embeddable":true,"href":"https:\/\/radiocresatelital.com\/index.php?rest_route=%2Fwp%2Fv2%2Fcategories&post=9057"},{"taxonomy":"post_tag","embeddable":true,"href":"https:\/\/radiocresatelital.com\/index.php?rest_route=%2Fwp%2Fv2%2Ftags&post=9057"}],"curies":[{"name":"wp","href":"https:\/\/api.w.org\/{rel}","templated":true}]}}