{"id":9029,"date":"2023-12-20T18:43:05","date_gmt":"2023-12-20T18:43:05","guid":{"rendered":"https:\/\/radiocresatelital.com\/?p=9029"},"modified":"2023-12-20T18:43:05","modified_gmt":"2023-12-20T18:43:05","slug":"ezequiel-lavezzi-se-encuentra-internado-en-punta-del-este","status":"publish","type":"post","link":"https:\/\/radiocresatelital.com\/?p=9029","title":{"rendered":"Ezequiel Lavezzi se encuentra internado en Punta del Este"},"content":{"rendered":"<p>Buenos Aires.- El exdelantero argentino, Ezequiel Lavezzi, quien jug\u00f3 en la selecci\u00f3n argentina, Napoli y Par\u00eds Saint-Germain, entre otros clubes se encuentra internado en el Sanatorio Cantegril, de Punta del Este, el mismo al que alguna vez fue trasladado el recordado ex campe\u00f3n mundial Diego Maradona.<\/p>\n<p>Las versiones sobre lo ocurrido con Lavezzi resultan contradictorias y algunas indican que el subcampe\u00f3n mundial en Brasil 2014 y campe\u00f3n ol\u00edmpico en los Juegos de Pek\u00edn 2008 fue apu\u00f1alado y presenta una herida en el abdomen, adem\u00e1s de una fractura en el om\u00f3plato.<\/p>\n<p id=\"ob\">Seg\u00fan el diario \u00abLa Naci\u00f3n\u00bb, sin embargo, hasta el momento no se efectu\u00f3 denuncia policial alguna relacionada con una agresi\u00f3n al \u00abPocho\u00bb, de 39 a\u00f1os, quien habr\u00eda resultado herido en una fiesta en horas de la madrugada del mi\u00e9rcoles en la zona de Jos\u00e9 Ignacio.<\/p>\n<p>El canal Todo Noticias (TN) consult\u00f3 a la funcionaria de la jefatura policial del municipio de Maldonado, Paola Hern\u00e1ndez, quien confirm\u00f3 que Lavezzi particip\u00f3 de una fiesta, pero que su internaci\u00f3n respondi\u00f3 a que debi\u00f3 llamar al servicio de emergencias m\u00e9dicas al sentir un malestar cuando se fue a dormir.<\/p>\n<p>La propia oficial de la polic\u00eda adelant\u00f3 que se trata de un \u00abepisodio confuso\u00bb que dar\u00eda lugar a la pertinente investigaci\u00f3n para determinar qu\u00e9 fue lo que ocurri\u00f3 con Lavezzi, quien se retir\u00f3 del f\u00fatbol en 2019 jugando en China tras una carrera que inici\u00f3 en el ascenso con Estudiantes de Buenos Aires en 2003, desde donde peg\u00f3 el salto a San Lorenzo, de primera divisi\u00f3n.<\/p>\n<p>S\u00ed se supo que est\u00e1 fuera de peligro tras lo sucedido, que otros medios atribuyeron a un hecho relacionado con una disputa familiar.<\/p>\n","protected":false},"excerpt":{"rendered":"<p>Buenos Aires.- El exdelantero argentino, Ezequiel Lavezzi, quien jug\u00f3 en la selecci\u00f3n argentina, Napoli y Par\u00eds Saint-Germain, entre otros clubes se encuentra internado en el Sanatorio Cantegril, de Punta del Este, el mismo al que alguna vez fue trasladado el recordado ex campe\u00f3n mundial Diego Maradona. Las versiones sobre lo ocurrido con Lavezzi resultan contradictorias [&hellip;]<\/p>\n","protected":false},"author":2,"featured_media":9034,"comment_status":"open","ping_status":"closed","sticky":false,"template":"","format":"standard","meta":{"_jetpack_memberships_contains_paid_content":false,"footnotes":""},"categories":[7],"tags":[1552,1553,1554],"class_list":["post-9029","post","type-post","status-publish","format-standard","has-post-thumbnail","hentry","category-futbol-internacional","tag-ezequiel-lavezzi","tag-punta-del-este","tag-sanatorio-cantegril"],"jetpack_featured_media_url":"https:\/\/radiocresatelital.com\/wp-content\/uploads\/2023\/12\/images.jpg","jetpack_sharing_enabled":true,"_links":{"self":[{"href":"https:\/\/radiocresatelital.com\/index.php?rest_route=\/wp\/v2\/posts\/9029","targetHints":{"allow":["GET"]}}],"collection":[{"href":"https:\/\/radiocresatelital.com\/index.php?rest_route=\/wp\/v2\/posts"}],"about":[{"href":"https:\/\/radiocresatelital.com\/index.php?rest_route=\/wp\/v2\/types\/post"}],"author":[{"embeddable":true,"href":"https:\/\/radiocresatelital.com\/index.php?rest_route=\/wp\/v2\/users\/2"}],"replies":[{"embeddable":true,"href":"https:\/\/radiocresatelital.com\/index.php?rest_route=%2Fwp%2Fv2%2Fcomments&post=9029"}],"version-history":[{"count":1,"href":"https:\/\/radiocresatelital.com\/index.php?rest_route=\/wp\/v2\/posts\/9029\/revisions"}],"predecessor-version":[{"id":9035,"href":"https:\/\/radiocresatelital.com\/index.php?rest_route=\/wp\/v2\/posts\/9029\/revisions\/9035"}],"wp:featuredmedia":[{"embeddable":true,"href":"https:\/\/radiocresatelital.com\/index.php?rest_route=\/wp\/v2\/media\/9034"}],"wp:attachment":[{"href":"https:\/\/radiocresatelital.com\/index.php?rest_route=%2Fwp%2Fv2%2Fmedia&parent=9029"}],"wp:term":[{"taxonomy":"category","embeddable":true,"href":"https:\/\/radiocresatelital.com\/index.php?rest_route=%2Fwp%2Fv2%2Fcategories&post=9029"},{"taxonomy":"post_tag","embeddable":true,"href":"https:\/\/radiocresatelital.com\/index.php?rest_route=%2Fwp%2Fv2%2Ftags&post=9029"}],"curies":[{"name":"wp","href":"https:\/\/api.w.org\/{rel}","templated":true}]}}