{"id":9026,"date":"2023-12-20T18:03:26","date_gmt":"2023-12-20T18:03:26","guid":{"rendered":"https:\/\/radiocresatelital.com\/?p=9026"},"modified":"2023-12-20T18:03:26","modified_gmt":"2023-12-20T18:03:26","slug":"federacion-de-futbol-de-rusia-seguira-perteneciendo-a-uefa","status":"publish","type":"post","link":"https:\/\/radiocresatelital.com\/?p=9026","title":{"rendered":"Federaci\u00f3n de f\u00fatbol de Rusia seguir\u00e1 perteneciendo a UEFA"},"content":{"rendered":"<p>Roma.- La Federaci\u00f3n de f\u00fatbol de Rusia (RFS) ha tomado la desici\u00f3n de vcontinuar formando parte de la UEFA, adem\u00e1s descart\u00f3 ingresa a la Confederaci\u00f3n Asi\u00e1tica de F\u00fatbol (AFC) por las sanciones que aplicaron a la m\u00e1xima entidad del f\u00fatbol europeo y la FIFA como consecuencia de la guerra que libra con Ucrania desde febrero de 2022.<\/p>\n<p>Los miembros de la RFS votaron por unanimidad en contra de ese \u00absalto\u00bb a otra confederaci\u00f3n continental, al considerar que \u00abno existen garant\u00edas por parte de la FIFA frente a una \u00absoluci\u00f3n\u00bb de esa naturaleza, explic\u00f3 Mikhail Guershkovitch, miembro del Comit\u00e9 Ejecutivo de la entidad rusa.<\/p>\n<p>La \u00abmudanza\u00bb a la AFC, adem\u00e1s, hubiese tenido graves consecuencias financieras para los clubes rusos y por ese motivo \u00abhemos decidido seguir bajo la conducci\u00f3n de la UEFA\u00bb, explic\u00f3 Guerchkovitch.<\/p>\n<p>\u00abVeremos como contin\u00faa esta situaci\u00f3n el pr\u00f3ximo a\u00f1o\u00bb, agreg\u00f3 el dirigente al aludir al grupo de trabajo que se form\u00f3 junto con la UEFA para evaluar una eventual readmisi\u00f3n de los clubes rusos en las competencias que organiza la misma (Champions League, Europa League y Conference League) y de la selecci\u00f3n de Rusia en los torneos continentales.<\/p>\n<p>Cada federaci\u00f3n deportiva internacional de las distintas disciplinas es libre de adoptar una postura propia respecto de las sanciones aplicadas a Rusia, cuyos atletas se ven impedidos en muchos casos de disputar torneos internacionales.<\/p>\n<p>La situaci\u00f3n relacionada con las sanciones aplicadas al deporte ruso como consecuencia de la guerra tambi\u00e9n fue abordada recientemente por el Comit\u00e9 Ol\u00edmpico Internacional (COI), que anunci\u00f3 que los atletas de ese pa\u00eds y de bielorrusa podr\u00e1n competir en los Juegos de Par\u00eds 2024, sin bandera y como neutrales y siempre y cuando no hayan apoyado abiertamente el conflicto armado.<\/p>\n","protected":false},"excerpt":{"rendered":"<p>Roma.- La Federaci\u00f3n de f\u00fatbol de Rusia (RFS) ha tomado la desici\u00f3n de vcontinuar formando parte de la UEFA, adem\u00e1s descart\u00f3 ingresa a la Confederaci\u00f3n Asi\u00e1tica de F\u00fatbol (AFC) por las sanciones que aplicaron a la m\u00e1xima entidad del f\u00fatbol europeo y la FIFA como consecuencia de la guerra que libra con Ucrania desde febrero [&hellip;]<\/p>\n","protected":false},"author":2,"featured_media":9027,"comment_status":"open","ping_status":"closed","sticky":false,"template":"","format":"standard","meta":{"_jetpack_memberships_contains_paid_content":false,"footnotes":""},"categories":[7],"tags":[1549,435],"class_list":["post-9026","post","type-post","status-publish","format-standard","has-post-thumbnail","hentry","category-futbol-internacional","tag-federacion-de-futbol-de-rusia","tag-uefa"],"jetpack_featured_media_url":"https:\/\/radiocresatelital.com\/wp-content\/uploads\/2023\/12\/whatsapp-image-2023-12-20-at-7-54_1294972_20231220075541.jpg","jetpack_sharing_enabled":true,"_links":{"self":[{"href":"https:\/\/radiocresatelital.com\/index.php?rest_route=\/wp\/v2\/posts\/9026","targetHints":{"allow":["GET"]}}],"collection":[{"href":"https:\/\/radiocresatelital.com\/index.php?rest_route=\/wp\/v2\/posts"}],"about":[{"href":"https:\/\/radiocresatelital.com\/index.php?rest_route=\/wp\/v2\/types\/post"}],"author":[{"embeddable":true,"href":"https:\/\/radiocresatelital.com\/index.php?rest_route=\/wp\/v2\/users\/2"}],"replies":[{"embeddable":true,"href":"https:\/\/radiocresatelital.com\/index.php?rest_route=%2Fwp%2Fv2%2Fcomments&post=9026"}],"version-history":[{"count":1,"href":"https:\/\/radiocresatelital.com\/index.php?rest_route=\/wp\/v2\/posts\/9026\/revisions"}],"predecessor-version":[{"id":9028,"href":"https:\/\/radiocresatelital.com\/index.php?rest_route=\/wp\/v2\/posts\/9026\/revisions\/9028"}],"wp:featuredmedia":[{"embeddable":true,"href":"https:\/\/radiocresatelital.com\/index.php?rest_route=\/wp\/v2\/media\/9027"}],"wp:attachment":[{"href":"https:\/\/radiocresatelital.com\/index.php?rest_route=%2Fwp%2Fv2%2Fmedia&parent=9026"}],"wp:term":[{"taxonomy":"category","embeddable":true,"href":"https:\/\/radiocresatelital.com\/index.php?rest_route=%2Fwp%2Fv2%2Fcategories&post=9026"},{"taxonomy":"post_tag","embeddable":true,"href":"https:\/\/radiocresatelital.com\/index.php?rest_route=%2Fwp%2Fv2%2Ftags&post=9026"}],"curies":[{"name":"wp","href":"https:\/\/api.w.org\/{rel}","templated":true}]}}