{"id":8989,"date":"2023-12-19T22:09:14","date_gmt":"2023-12-19T22:09:14","guid":{"rendered":"https:\/\/radiocresatelital.com\/?p=8989"},"modified":"2023-12-19T22:09:14","modified_gmt":"2023-12-19T22:09:14","slug":"liga-pro-2024-arrancara-el-16-de-febrero-video","status":"publish","type":"post","link":"https:\/\/radiocresatelital.com\/?p=8989","title":{"rendered":"Liga Pro 2024 arrancar\u00e1 el 16 de febrero (Video)"},"content":{"rendered":"<p>Guayaquil.- Nosotros hemos comenzado a trabajar en la elaboraci\u00f3n de nuestro fixture para la cual tenemos que conocer las fechas de los torneos internacionales, fueron expresiones de David Constante director de competencias de Liga Pro al confirmar el inicio del torneo nacional 2024.<\/p>\n<p>Cabe indicar que en la \u00faltima sesi\u00f3n ordinaria del Consejo de Presidentes se confirm\u00f3 que el sistema del torneo para el 2024 ser\u00e1 el mismo y no se mover\u00e1 nada.<\/p>\n<p>Seguidamente el anuncio de David Constante.<\/p>\n<blockquote class=\"twitter-tweet\" data-width=\"550\" data-dnt=\"true\">\n<p lang=\"es\" dir=\"ltr\">\ud83d\udccdComunicado Direcci\u00f3n de Competiciones &#8211; Inicio del torneo 2024 \u26bd\ufe0f<a href=\"https:\/\/twitter.com\/hashtag\/LigaProInstitucional?src=hash&amp;ref_src=twsrc%5Etfw\">#LigaProInstitucional<\/a> \ud83c\uddea\ud83c\udde8\ud83d\udcaf <a href=\"https:\/\/t.co\/jjrCCRt02w\">pic.twitter.com\/jjrCCRt02w<\/a><\/p>\n<p>&mdash; LigaPro (@LigaProEC) <a href=\"https:\/\/twitter.com\/LigaProEC\/status\/1737229476855984549?ref_src=twsrc%5Etfw\">December 19, 2023<\/a><\/p><\/blockquote>\n<p><script async src=\"https:\/\/platform.twitter.com\/widgets.js\" charset=\"utf-8\"><\/script><\/p>\n","protected":false},"excerpt":{"rendered":"<p>Guayaquil.- Nosotros hemos comenzado a trabajar en la elaboraci\u00f3n de nuestro fixture para la cual tenemos que conocer las fechas de los torneos internacionales, fueron expresiones de David Constante director de competencias de Liga Pro al confirmar el inicio del torneo nacional 2024. Cabe indicar que en la \u00faltima sesi\u00f3n ordinaria del Consejo de Presidentes [&hellip;]<\/p>\n","protected":false},"author":2,"featured_media":8990,"comment_status":"open","ping_status":"closed","sticky":false,"template":"","format":"standard","meta":{"_jetpack_memberships_contains_paid_content":false,"footnotes":""},"categories":[626,73],"tags":[1545,135],"class_list":["post-8989","post","type-post","status-publish","format-standard","has-post-thumbnail","hentry","category-futbol-nacional","category-liga-pro","tag-david-constante","tag-liga-pro"],"jetpack_featured_media_url":"https:\/\/radiocresatelital.com\/wp-content\/uploads\/2023\/12\/football-of-ecuador-liga-pro5608.logowik.com_.webp","jetpack_sharing_enabled":true,"_links":{"self":[{"href":"https:\/\/radiocresatelital.com\/index.php?rest_route=\/wp\/v2\/posts\/8989","targetHints":{"allow":["GET"]}}],"collection":[{"href":"https:\/\/radiocresatelital.com\/index.php?rest_route=\/wp\/v2\/posts"}],"about":[{"href":"https:\/\/radiocresatelital.com\/index.php?rest_route=\/wp\/v2\/types\/post"}],"author":[{"embeddable":true,"href":"https:\/\/radiocresatelital.com\/index.php?rest_route=\/wp\/v2\/users\/2"}],"replies":[{"embeddable":true,"href":"https:\/\/radiocresatelital.com\/index.php?rest_route=%2Fwp%2Fv2%2Fcomments&post=8989"}],"version-history":[{"count":1,"href":"https:\/\/radiocresatelital.com\/index.php?rest_route=\/wp\/v2\/posts\/8989\/revisions"}],"predecessor-version":[{"id":8991,"href":"https:\/\/radiocresatelital.com\/index.php?rest_route=\/wp\/v2\/posts\/8989\/revisions\/8991"}],"wp:featuredmedia":[{"embeddable":true,"href":"https:\/\/radiocresatelital.com\/index.php?rest_route=\/wp\/v2\/media\/8990"}],"wp:attachment":[{"href":"https:\/\/radiocresatelital.com\/index.php?rest_route=%2Fwp%2Fv2%2Fmedia&parent=8989"}],"wp:term":[{"taxonomy":"category","embeddable":true,"href":"https:\/\/radiocresatelital.com\/index.php?rest_route=%2Fwp%2Fv2%2Fcategories&post=8989"},{"taxonomy":"post_tag","embeddable":true,"href":"https:\/\/radiocresatelital.com\/index.php?rest_route=%2Fwp%2Fv2%2Ftags&post=8989"}],"curies":[{"name":"wp","href":"https:\/\/api.w.org\/{rel}","templated":true}]}}