{"id":8979,"date":"2023-12-19T21:06:31","date_gmt":"2023-12-19T21:06:31","guid":{"rendered":"https:\/\/radiocresatelital.com\/?p=8979"},"modified":"2023-12-19T21:16:18","modified_gmt":"2023-12-19T21:16:18","slug":"600-turistas-arribaron-a-guayaquil-a-bordo-del-crucero-seven-mariner-seas","status":"publish","type":"post","link":"https:\/\/radiocresatelital.com\/?p=8979","title":{"rendered":"600 turistas arribaron a Guayaquil a bordo del crucero \u201cSEVEN MARINER SEAS\u201d"},"content":{"rendered":"<p>Guayaquil.- Aproximadamente 600 turistas provenientes de Australia y Canad\u00e1 arribaron a la ciudad a bordo del crucero SEVEN SEAS MARINER.<\/p>\n<p>La Empresa P\u00fablica Municipal de Turismo, Relaciones Internacionales y Cultura recibi\u00f3 a los visitantes con m\u00fasica t\u00edpica de la urbe, brind\u00e1ndoles una grata bienvenida y acompa\u00f1\u00e1ndolos en un recorrido por los lugares ic\u00f3nicos de Guayaquil.<\/p>\n<p>El tour incluy\u00f3 al Parque Seminario, Plaza de la Administraci\u00f3n, Aerov\u00eda, barrio Las Pe\u00f1as y el Mercado Artesanal. Los turistas estuvieron acompa\u00f1ados de gu\u00edas y contaron con el resguardo de la polic\u00eda tur\u00edstica. La llegada de este tipo de cruceros a la ciudad fortalece el sector tur\u00edstico y contribuye a reactivar la econom\u00eda local<\/p>\n","protected":false},"excerpt":{"rendered":"<p>Guayaquil.- Aproximadamente 600 turistas provenientes de Australia y Canad\u00e1 arribaron a la ciudad a bordo del crucero SEVEN SEAS MARINER. La Empresa P\u00fablica Municipal de Turismo, Relaciones Internacionales y Cultura recibi\u00f3 a los visitantes con m\u00fasica t\u00edpica de la urbe, brind\u00e1ndoles una grata bienvenida y acompa\u00f1\u00e1ndolos en un recorrido por los lugares ic\u00f3nicos de Guayaquil. [&hellip;]<\/p>\n","protected":false},"author":2,"featured_media":8980,"comment_status":"open","ping_status":"closed","sticky":false,"template":"","format":"standard","meta":{"_jetpack_memberships_contains_paid_content":false,"footnotes":""},"categories":[13],"tags":[1544],"class_list":["post-8979","post","type-post","status-publish","format-standard","has-post-thumbnail","hentry","category-noticias-nacionales","tag-seven-seas-mariner"],"jetpack_featured_media_url":"https:\/\/radiocresatelital.com\/wp-content\/uploads\/2023\/12\/DSC_9150-scaled.jpg","jetpack_sharing_enabled":true,"_links":{"self":[{"href":"https:\/\/radiocresatelital.com\/index.php?rest_route=\/wp\/v2\/posts\/8979","targetHints":{"allow":["GET"]}}],"collection":[{"href":"https:\/\/radiocresatelital.com\/index.php?rest_route=\/wp\/v2\/posts"}],"about":[{"href":"https:\/\/radiocresatelital.com\/index.php?rest_route=\/wp\/v2\/types\/post"}],"author":[{"embeddable":true,"href":"https:\/\/radiocresatelital.com\/index.php?rest_route=\/wp\/v2\/users\/2"}],"replies":[{"embeddable":true,"href":"https:\/\/radiocresatelital.com\/index.php?rest_route=%2Fwp%2Fv2%2Fcomments&post=8979"}],"version-history":[{"count":1,"href":"https:\/\/radiocresatelital.com\/index.php?rest_route=\/wp\/v2\/posts\/8979\/revisions"}],"predecessor-version":[{"id":8981,"href":"https:\/\/radiocresatelital.com\/index.php?rest_route=\/wp\/v2\/posts\/8979\/revisions\/8981"}],"wp:featuredmedia":[{"embeddable":true,"href":"https:\/\/radiocresatelital.com\/index.php?rest_route=\/wp\/v2\/media\/8980"}],"wp:attachment":[{"href":"https:\/\/radiocresatelital.com\/index.php?rest_route=%2Fwp%2Fv2%2Fmedia&parent=8979"}],"wp:term":[{"taxonomy":"category","embeddable":true,"href":"https:\/\/radiocresatelital.com\/index.php?rest_route=%2Fwp%2Fv2%2Fcategories&post=8979"},{"taxonomy":"post_tag","embeddable":true,"href":"https:\/\/radiocresatelital.com\/index.php?rest_route=%2Fwp%2Fv2%2Ftags&post=8979"}],"curies":[{"name":"wp","href":"https:\/\/api.w.org\/{rel}","templated":true}]}}