{"id":8966,"date":"2023-12-19T20:32:07","date_gmt":"2023-12-19T20:32:07","guid":{"rendered":"https:\/\/radiocresatelital.com\/?p=8966"},"modified":"2023-12-19T20:32:32","modified_gmt":"2023-12-19T20:32:32","slug":"isla-trinitaria-se-ilumino-con-el-desfile-de-los-gigantes-de-luces","status":"publish","type":"post","link":"https:\/\/radiocresatelital.com\/?p=8966","title":{"rendered":"Isla Trinitaria se ilumin\u00f3 con el desfile de los Gigantes de Luces"},"content":{"rendered":"<p>Guayaquil.- El brillo y la alegr\u00eda de la Navidad lleg\u00f3 la noche de este lunes a las cooperativas de la isla Trinitaria, con el desfile de los Gigantes de Luz que engalanaron las calles de este populoso sector del sur de Guayaquil. El evento fue organizado por la Direcci\u00f3n de Eventos Especiales y Promoci\u00f3n C\u00edvica del Municipio de Guayaquil.<\/p>\n<p>El desfile parti\u00f3 a las 19:00 desde los exteriores del complejo Deportivo Isla Trinitaria, con bastoneras y bandas de m\u00fasica de la agrupaci\u00f3n Team All Stars y Flor de C\u00e1liz, al ritmo de una variada selecci\u00f3n de villancicos.<\/p>\n<p>Luego vinieron las hadas y \u00e1ngeles, con atuendos vistosos y adornado de luces. Posteriormente fue el turno de los Gigantes de Luz, estructuras articuladas de cerca de cinco metros de altura, elaborados por artesanos locales que usaron materiales como yute, pegamento especial y aluminio.<\/p>\n<p>Todos los gigantes lucieron luces led y eran manejados por cinco artistas, para darle vida y movimiento a los personajes. A su paso, moradores aplaudieron y bailaron al son de los villancicos.<\/p>\n<p>Julio Mosquera, director del grupo art\u00edstico independiente Team All Stars y Flor de C\u00e1liz, expres\u00f3 su agradecimiento al Municipio de Guayaquil, por haber sido invitado a participar en el desfile de luces. \u201cEl baile y la m\u00fasica son vida y m\u00e1s<br \/>\ncuando es la \u00e9poca de la Navidad\u201d.<\/p>\n<p>Desde el portal de su vivienda ubicada en la cooperativa 25 de Julio, Jos\u00e9 Rizo disfrut\u00f3 junto con su familia del espect\u00e1culo. \u201cEst\u00e1 muy bonito, es el primer a\u00f1o que se ve esto por aqu\u00ed, es una sorpresa porque no lo hab\u00edamos visto antes\u201d, sostuvo.*<\/p>\n<p>De igual forma, \u00c1ngel Ram\u00f3n, de la cooperativa Luchar y Vencer, tambi\u00e9n se hizo presente con sus tres hijos. \u201cEstamos muy contentos por la obra que est\u00e1 haciendo el Alcalde, me parece muy hermoso que este lugar haya sido representado de esta manera recordando la fiesta del nacimiento del ni\u00f1o Jes\u00fas\u201d, recalc\u00f3.<\/p>\n<p>Activaci\u00f3n Ciudadana llev\u00f3 servicios m\u00e9dicos del Municipio a 70 viviendas de Los Cidros Una nueva activaci\u00f3n ciudadana se realiz\u00f3 en la ciudadela Los Cidros con el objetivo de acercar los servicios municipales a los ciudadanos.<\/p>\n<p>La Unidad de Atenci\u00f3n veterinaria, el punto de enfermer\u00eda del Comit\u00e9 de Desarrollo Comunal Casitas del Guasmo fueron los expositores que m\u00e1s visitantes atrajeron.<\/p>\n<p>Bequi Aguilera, dirigente barrial dijo sentirse satisfecha con el trabajo de la Alcald\u00eda. \u201cEn el poco tiempo que est\u00e1n regentando la ciudad, se ve que se est\u00e1 avanzando\u201d, concluy\u00f3 Aguilera.<\/p>\n<p>Tambi\u00e9n asistieron la Unidad de Vinculaci\u00f3n con la Comunidad de ATM, EMAPAG-EP, Urvaseo, Direcci\u00f3n de \u00c1reas Verdes, entre otras.<\/p>\n<p>70 viviendas de la zona fueron visitadas durante dos d\u00edas por el Departamento de Vigilancia Epidemiol\u00f3gica. En ellas se evalu\u00f3 a 29 pacientes con enfermedades cr\u00f3nicas o con sintomatolog\u00eda variada.<\/p>\n<p>\u201cEste es un momento muy agradable m\u00e1s que todo para los ni\u00f1os\u201d, se\u00f1al\u00f3 Clorinda P\u00e9rez, moradora de la ciudadela Los Cidros. Centro 4 de Enero celebr\u00f3 la Navidad ni\u00f1os con discapacidad visual Alrededor de 100 ni\u00f1os con discapacidad visual, que se atienden en el Centro Municipal 4 de Enero tuvieron una celebraci\u00f3n navide\u00f1a, con concursos, actividades recreativas y la entrega de juguetes.<\/p>\n<p>Esta actividad estuvo a cargo del personal de Servicio Terap\u00e9utico que ofrece terapias de lenguaje, f\u00edsica, ocupacional, sicol\u00f3gica y visual. Geoconda Soledispa, directora del Centro de Apoyo para Personas con Discapacidad Visual 4 de Enero, explic\u00f3 que el objetivo es compartir con los padres y ni\u00f1os un momento de alegr\u00eda e integraci\u00f3n. \u201cEl centro atiende a una poblaci\u00f3n diversa: ni\u00f1os con discapacidad visual, con discapacidad intelectual, f\u00edsica y sicosocial\u201d.<\/p>\n<p>Para este martes el agasajo estar\u00e1 a cargo del Servicio de Escolaridad, que atiende a ni\u00f1os de 3 a 12 a\u00f1os de edad, mientras que el mi\u00e9rcoles la actividad ser\u00e1 para el Servicio de Inclusi\u00f3n que brinda capacitaci\u00f3n y asesoramiento en escuelas regulares.<\/p>\n<p>\u201cTenemos una poblaci\u00f3n de aproximadamente 450 personas, entre estudiantes y usuarios de todos los servicios, desde cero hasta tres a\u00f1os, incluso adultos mayores\u201d, recalc\u00f3 Soledispa.<\/p>\n<p>Madres de los ni\u00f1os que reciben atenci\u00f3n en el centro expresaron su gratitud por la actividad y el servicio que ofrece la instituci\u00f3n. Andrea Fuentes, quien reside en el sector de la autopista Narcisa de Jes\u00fas, coment\u00f3 que tiene dos<br \/>\nni\u00f1os con discapacidad, uno visual y otro con s\u00edndrome de Down.<\/p>\n<p>\u201cMe parece un buen servicio que ofrece el centro para las personas que no tienen recursos, tiene excelentes profesionales, preparados y capacitados para tratar a los ni\u00f1os con diferentes discapacidades\u201d, sostuvo.<\/p>\n<p>De igual forma se expres\u00f3 F\u00e1tima Busquet, quien vive en las calles 19 y Calicuchima. \u201cLa actividad para los ni\u00f1os me parece espectacular porque se incluyen m\u00e1s en la instituci\u00f3n, mi hija tiene cinco a\u00f1os y fue diagnosticada con autismo y necesitaba terapia de lenguaje; para m\u00ed fue como una bendici\u00f3n, gracias al centro y al Alcalde, espero que sigan as\u00ed\u201d.<\/p>\n<p>D\u00eda del Migrante se celebr\u00f3 con el encuentro cantonal \u201cMovilidad humana: protecci\u00f3n, integraci\u00f3n y participaci\u00f3n ciudadana\u201d<\/p>\n<p>Como parte de la conmemoraci\u00f3n por el D\u00eda Internacional del Migrante, que se celebra este 18 de diciembre, el Consejo Cantonal de Protecci\u00f3n Integral de Derechos de Guayaquil, en articulaci\u00f3n con otras entidades realizaron el primer \u201cEncuentro Cantonal sobre Movilidad Humana: Protecci\u00f3n, Integraci\u00f3n y Participaci\u00f3n Ciudadana\u201d, en el Auditorio del MAAC Cine.<\/p>\n<p>Este evento tuvo como objetivo fomentar un espacio de di\u00e1logo inclusivo y participativo, que contribuya a mejorar las pol\u00edticas, estrategias y acciones dirigidas a la protecci\u00f3n y promoci\u00f3n de los derechos de las personas en situaci\u00f3n de movilidad humana.<\/p>\n<p>De acuerdo con el proceso de regularizaci\u00f3n migratoria y el censo nacional de poblaci\u00f3n y vivienda en Ecuador se registran 500.000 venezolanos, de los cuales 200.000 se encuentran en la provincia del Guayas.<\/p>\n<p>El director ejecutivo del Comit\u00e9 Permanente para la Defensa de los Derechos Humanos, Billy Navarrete mencion\u00f3 que hay un gran desempe\u00f1o por parte del Municipio al tener un Departamento de Movilidad Humana dedicado a monitorear y dar atenci\u00f3n a la poblaci\u00f3n refugiada migrante y ahora est\u00e1 desarrollando el consejo consultivo, que permitir\u00e1 que de forma directa participen en la pol\u00edtica p\u00fablica.<\/p>\n<p>Para el primer trimestre del 2024, se conformar\u00e1 el primer Consejo Consultivo de Movilidad Humana, espacio de participaci\u00f3n compuesto por ciudadanos de otras nacionalidades, cuya funci\u00f3n principal es elaborar y participar en la construcci\u00f3n de pol\u00edticas p\u00fablicas, normativas y proyectos relacionados de manera directa e indirecta a su grupo poblacional.<\/p>\n","protected":false},"excerpt":{"rendered":"<p>Guayaquil.- El brillo y la alegr\u00eda de la Navidad lleg\u00f3 la noche de este lunes a las cooperativas de la isla Trinitaria, con el desfile de los Gigantes de Luz que engalanaron las calles de este populoso sector del sur de Guayaquil. El evento fue organizado por la Direcci\u00f3n de Eventos Especiales y Promoci\u00f3n C\u00edvica [&hellip;]<\/p>\n","protected":false},"author":2,"featured_media":8967,"comment_status":"open","ping_status":"closed","sticky":false,"template":"","format":"standard","meta":{"_jetpack_memberships_contains_paid_content":false,"footnotes":""},"categories":[33,13],"tags":[1542],"class_list":["post-8966","post","type-post","status-publish","format-standard","has-post-thumbnail","hentry","category-guayaquil","category-noticias-nacionales","tag-isla-trinitaria"],"jetpack_featured_media_url":"https:\/\/radiocresatelital.com\/wp-content\/uploads\/2023\/12\/IMG_1894-scaled.jpg","jetpack_sharing_enabled":true,"_links":{"self":[{"href":"https:\/\/radiocresatelital.com\/index.php?rest_route=\/wp\/v2\/posts\/8966","targetHints":{"allow":["GET"]}}],"collection":[{"href":"https:\/\/radiocresatelital.com\/index.php?rest_route=\/wp\/v2\/posts"}],"about":[{"href":"https:\/\/radiocresatelital.com\/index.php?rest_route=\/wp\/v2\/types\/post"}],"author":[{"embeddable":true,"href":"https:\/\/radiocresatelital.com\/index.php?rest_route=\/wp\/v2\/users\/2"}],"replies":[{"embeddable":true,"href":"https:\/\/radiocresatelital.com\/index.php?rest_route=%2Fwp%2Fv2%2Fcomments&post=8966"}],"version-history":[{"count":1,"href":"https:\/\/radiocresatelital.com\/index.php?rest_route=\/wp\/v2\/posts\/8966\/revisions"}],"predecessor-version":[{"id":8968,"href":"https:\/\/radiocresatelital.com\/index.php?rest_route=\/wp\/v2\/posts\/8966\/revisions\/8968"}],"wp:featuredmedia":[{"embeddable":true,"href":"https:\/\/radiocresatelital.com\/index.php?rest_route=\/wp\/v2\/media\/8967"}],"wp:attachment":[{"href":"https:\/\/radiocresatelital.com\/index.php?rest_route=%2Fwp%2Fv2%2Fmedia&parent=8966"}],"wp:term":[{"taxonomy":"category","embeddable":true,"href":"https:\/\/radiocresatelital.com\/index.php?rest_route=%2Fwp%2Fv2%2Fcategories&post=8966"},{"taxonomy":"post_tag","embeddable":true,"href":"https:\/\/radiocresatelital.com\/index.php?rest_route=%2Fwp%2Fv2%2Ftags&post=8966"}],"curies":[{"name":"wp","href":"https:\/\/api.w.org\/{rel}","templated":true}]}}