{"id":8947,"date":"2023-12-18T19:41:58","date_gmt":"2023-12-18T19:41:58","guid":{"rendered":"https:\/\/radiocresatelital.com\/?p=8947"},"modified":"2023-12-18T21:42:08","modified_gmt":"2023-12-18T21:42:08","slug":"disfruta-con-conciencia-el-arte-de-saber-tomar-en-estas-fiestas","status":"publish","type":"post","link":"https:\/\/radiocresatelital.com\/?p=8947","title":{"rendered":"Disfruta con conciencia: El arte de saber tomar en estas fiestas"},"content":{"rendered":"<p>Guayaquil.- Diciembre es uno de los meses con mayores festividades, es un tiempo de reuni\u00f3n entre amigos y familiares, donde la buena comida y las bebidas son protagonistas. En este contexto, Cervecer\u00eda Nacional se destaca por su compromiso con el consumo mesurado de bebidas alcoh\u00f3licas de moderaci\u00f3n, educando a las personas a disfrutarlas de manera consciente.<\/p>\n<p>La cerveza, arraigada en la cultura, se aprecia por su capacidad para fomentar el disfrute entre amigos, siempre enfatizando la moderaci\u00f3n y la responsabilidad. Con un contenido equilibrado, se ha convertido en una tradici\u00f3n su consumo, siendo la elecci\u00f3n favorita para aquellos que buscan equilibrar el placer con la responsabilidad.<\/p>\n<p>Consejos para una celebraci\u00f3n responsable<\/p>\n<p>Para que las personas adopten una cultura de moderaci\u00f3n en estas fiestas, desde Cervecer\u00eda Nacional comparten cuatro consejos fundamentales:<\/p>\n<p>\u00b7 Comer antes, durante y despu\u00e9s de la fiesta para acompa\u00f1ar la bebida favorita.<\/p>\n<p>\u00b7 Intercalar agua entre las bebidas como clave para una fiesta con moderaci\u00f3n.<\/p>\n<p>\u00b7 Nunca mezclar alcohol con la conducci\u00f3n; opta por un taxi o un servicio de aplicativo.<\/p>\n<p>\u00b7 Regula la cantidad de bebidas ingeridas para que la celebraci\u00f3n contin\u00fae con normalidad.<\/p>\n<p>Estas directrices no solo hacen que las reuniones sean m\u00e1s agradables, sino que tambi\u00e9n fomentan una corriente de consumo prudente, promoviendo un ambiente festivo donde la diversi\u00f3n se combina con la prudencia.<\/p>\n<p>Acciones con prop\u00f3sito social<\/p>\n<p>Con m\u00e1s de 135 a\u00f1os de historia en Ecuador, Cervecer\u00eda Nacional ha sido pionera en impulsar el consumo consciente de sus productos. Durante este a\u00f1o, la compa\u00f1\u00eda ha desarrollado campa\u00f1as educativas con el prop\u00f3sito de forjar comportamientos positivos ante el consumo de la cerveza como una bebida de disfrute responsable.<\/p>\n<p>En 2022 colaboraron de manera significativa con la Agencia Nacional de Tr\u00e1nsito en la impactante campa\u00f1a \u00abGame Over #SiBebesNoManejes\u201d, destinada a concientizar sobre los peligros vinculados al consumo excesivo de alcohol. Para el 2023 implementaron destacadas iniciativas, entre las que se destacan: \u201cDisfruta como un campe\u00f3n\u00bb, la cual alcanz\u00f3 a m\u00e1s de 80.000 personas consolid\u00e1ndose como un \u00e9xito; \u201cLatidos Pilsener\u00bb, que atrajo a m\u00e1s de 11.000 asistentes; Oktober Fest alcanzando m\u00e1s de 1.000 usuarios; y su participaci\u00f3n destacada en eventos de gran envergadura, como \u00abWine&amp;Beer\u00bb, con una concurrencia de m\u00e1s de 3.000 personas.<\/p>\n<p>\u201cEn Cervecer\u00eda Nacional, estamos comprometidos en la promoci\u00f3n de una cultura responsable. Alineados a este gran objetivo, lideramos una iniciativa de etiquetado voluntario en nuestros empaques secundarios de nuestras cervezas locales, que incluye cuatro mensajes clave que invitan al consumo responsable de estas bebidas. Estamos orgullosos de ser embajadores de la moderaci\u00f3n, extendiendo esta cultura a nuestros colaboradores, proveedores y toda nuestra cadena de valor\u201d, agreg\u00f3 Sandra Ca\u00f1izares, Gerente de marca Corporativa y Sostenibilidad.<\/p>\n<p>En el marco de las festividades, Cervecer\u00eda Nacional extiende una invitaci\u00f3n a disfrutar con responsabilidad. Esta misi\u00f3n se desarrolla a trav\u00e9s de una difusi\u00f3n constante de mensajes en diversas plataformas digitales, respaldada por recordatorios en los empaques secundarios de las cervezas personales de sus marcas nacionales: Siembra, Pilsener, Pilsener Light y Club. A trav\u00e9s de estos mensajes, buscan promover activamente un consumo adecuado. Es importante destacar que esta iniciativa inici\u00f3 con la marca Club en el a\u00f1o 2022.<\/p>\n<p>Aunque las bebidas alcoh\u00f3licas pueden ser el complemento perfecto para compartir momentos especiales entre amigos y familiares, es fundamental abordar su consumo con responsabilidad.<\/p>\n<p>Esta perspectiva asegura que cada celebraci\u00f3n festiva se transforme en experiencias memorables y positivas, promoviendo as\u00ed un disfrute consciente y equilibrado.<\/p>\n","protected":false},"excerpt":{"rendered":"<p>Guayaquil.- Diciembre es uno de los meses con mayores festividades, es un tiempo de reuni\u00f3n entre amigos y familiares, donde la buena comida y las bebidas son protagonistas. En este contexto, Cervecer\u00eda Nacional se destaca por su compromiso con el consumo mesurado de bebidas alcoh\u00f3licas de moderaci\u00f3n, educando a las personas a disfrutarlas de manera [&hellip;]<\/p>\n","protected":false},"author":2,"featured_media":8948,"comment_status":"open","ping_status":"closed","sticky":false,"template":"","format":"standard","meta":{"_jetpack_memberships_contains_paid_content":false,"footnotes":""},"categories":[13],"tags":[1064],"class_list":["post-8947","post","type-post","status-publish","format-standard","has-post-thumbnail","hentry","category-noticias-nacionales","tag-cerveceria-nacional"],"jetpack_featured_media_url":"https:\/\/radiocresatelital.com\/wp-content\/uploads\/2023\/12\/thumbnail_shutterstock_2150535171-1.jpg","jetpack_sharing_enabled":true,"_links":{"self":[{"href":"https:\/\/radiocresatelital.com\/index.php?rest_route=\/wp\/v2\/posts\/8947","targetHints":{"allow":["GET"]}}],"collection":[{"href":"https:\/\/radiocresatelital.com\/index.php?rest_route=\/wp\/v2\/posts"}],"about":[{"href":"https:\/\/radiocresatelital.com\/index.php?rest_route=\/wp\/v2\/types\/post"}],"author":[{"embeddable":true,"href":"https:\/\/radiocresatelital.com\/index.php?rest_route=\/wp\/v2\/users\/2"}],"replies":[{"embeddable":true,"href":"https:\/\/radiocresatelital.com\/index.php?rest_route=%2Fwp%2Fv2%2Fcomments&post=8947"}],"version-history":[{"count":1,"href":"https:\/\/radiocresatelital.com\/index.php?rest_route=\/wp\/v2\/posts\/8947\/revisions"}],"predecessor-version":[{"id":8949,"href":"https:\/\/radiocresatelital.com\/index.php?rest_route=\/wp\/v2\/posts\/8947\/revisions\/8949"}],"wp:featuredmedia":[{"embeddable":true,"href":"https:\/\/radiocresatelital.com\/index.php?rest_route=\/wp\/v2\/media\/8948"}],"wp:attachment":[{"href":"https:\/\/radiocresatelital.com\/index.php?rest_route=%2Fwp%2Fv2%2Fmedia&parent=8947"}],"wp:term":[{"taxonomy":"category","embeddable":true,"href":"https:\/\/radiocresatelital.com\/index.php?rest_route=%2Fwp%2Fv2%2Fcategories&post=8947"},{"taxonomy":"post_tag","embeddable":true,"href":"https:\/\/radiocresatelital.com\/index.php?rest_route=%2Fwp%2Fv2%2Ftags&post=8947"}],"curies":[{"name":"wp","href":"https:\/\/api.w.org\/{rel}","templated":true}]}}