{"id":894,"date":"2023-07-06T14:07:55","date_gmt":"2023-07-06T14:07:55","guid":{"rendered":"https:\/\/radiocresatelital.com\/?p=894"},"modified":"2023-07-06T17:38:15","modified_gmt":"2023-07-06T17:38:15","slug":"jhonatan-narvaez-es-campeon-del-tour-de-austria-2023","status":"publish","type":"post","link":"https:\/\/radiocresatelital.com\/?p=894","title":{"rendered":"Jhonatan Narv\u00e1ez Campe\u00f3n del Tour de Austria 2023"},"content":{"rendered":"<p>Sonntagberg, Austria.- El ciclista ecuatoriano <strong>Jhonatan Narv\u00e1ez (INEOS Grenadiers)<\/strong> se consagr\u00f3 <strong>campe\u00f3n del Tour de Austria<\/strong>, coronando hoy una semana casi perfecta. El \u00ablagarto\u00bb Narv\u00e1ez gan\u00f3 3 de las 5 etapas del recorrido, incluida la etapa final, y logr\u00f3 mantener 42 segundos de ventaja sobre el alem\u00e1n <strong>Jason Osborne<\/strong> (Alpecin-Deceuninck) y el colombiano <strong>Jes\u00fas David Pe\u00f1a<\/strong> (Team Jayco-AlUla) que completaron el podio.<\/p>\n<p>El tricolor Narv\u00e1ez, de 26 a\u00f1os de edad,\u00a0 sorprendi\u00f3 a todos con su gran desempe\u00f1o.\u00a0 Su performance en la primera etapa lo coloc\u00f3 en posici\u00f3n de l\u00edder del INEOS, lugar que en teor\u00eda era del franc\u00e9s Pavel Sivakov. El \u201cLagarto\u201d Narv\u00e1ez se qued\u00f3 con el t\u00edtulo y alcanz\u00f3 su segundo triunfo en una carrera World Tour (fue campe\u00f3n de la Coppi e Bartali en el 2020) adem\u00e1s de lograr 8 victorias en su carrera, que incluye una etapa del Giro de Italia 2020.<\/p>\n<p><img loading=\"lazy\" decoding=\"async\" class=\"aligncenter size-full wp-image-895\" src=\"https:\/\/radiocresatelital.com\/wp-content\/uploads\/2023\/07\/clasificacion-austria-5.jpg\" alt=\"\" width=\"517\" height=\"260\" srcset=\"https:\/\/radiocresatelital.com\/wp-content\/uploads\/2023\/07\/clasificacion-austria-5.jpg 517w, https:\/\/radiocresatelital.com\/wp-content\/uploads\/2023\/07\/clasificacion-austria-5-300x151.jpg 300w\" sizes=\"auto, (max-width: 517px) 100vw, 517px\" \/><\/p>\n<p><img loading=\"lazy\" decoding=\"async\" class=\"aligncenter size-full wp-image-896\" src=\"https:\/\/radiocresatelital.com\/wp-content\/uploads\/2023\/07\/general-austria-2023.jpg\" alt=\"\" width=\"516\" height=\"259\" srcset=\"https:\/\/radiocresatelital.com\/wp-content\/uploads\/2023\/07\/general-austria-2023.jpg 516w, https:\/\/radiocresatelital.com\/wp-content\/uploads\/2023\/07\/general-austria-2023-300x151.jpg 300w\" sizes=\"auto, (max-width: 516px) 100vw, 516px\" \/><\/p>\n<p>Se espera que Narv\u00e1ez pueda ser parte de la alineaci\u00f3n principal del INEOS en La Vuelta a Espa\u00f1a, la \u00faltima grande del a\u00f1o, en agosto &#8211; septiembre del presente a\u00f1o.<\/p>\n","protected":false},"excerpt":{"rendered":"<p>Sonntagberg, Austria.- El ciclista ecuatoriano Jhonatan Narv\u00e1ez (INEOS Grenadiers) se consagr\u00f3 campe\u00f3n del Tour de Austria, coronando hoy una semana casi perfecta. El \u00ablagarto\u00bb Narv\u00e1ez gan\u00f3 3 de las 5 etapas del recorrido, incluida la etapa final, y logr\u00f3 mantener 42 segundos de ventaja sobre el alem\u00e1n Jason Osborne (Alpecin-Deceuninck) y el colombiano Jes\u00fas David [&hellip;]<\/p>\n","protected":false},"author":2,"featured_media":897,"comment_status":"open","ping_status":"closed","sticky":false,"template":"","format":"standard","meta":{"_jetpack_memberships_contains_paid_content":false,"footnotes":""},"categories":[120,59],"tags":[218,217,216],"class_list":["post-894","post","type-post","status-publish","format-standard","has-post-thumbnail","hentry","category-ciclismo","category-deporte-internacional","tag-ineos","tag-jhonatan-narvaez","tag-tour-de-austria"],"jetpack_featured_media_url":"https:\/\/radiocresatelital.com\/wp-content\/uploads\/2023\/07\/narvaez-campeon-Austria.jpg","jetpack_sharing_enabled":true,"_links":{"self":[{"href":"https:\/\/radiocresatelital.com\/index.php?rest_route=\/wp\/v2\/posts\/894","targetHints":{"allow":["GET"]}}],"collection":[{"href":"https:\/\/radiocresatelital.com\/index.php?rest_route=\/wp\/v2\/posts"}],"about":[{"href":"https:\/\/radiocresatelital.com\/index.php?rest_route=\/wp\/v2\/types\/post"}],"author":[{"embeddable":true,"href":"https:\/\/radiocresatelital.com\/index.php?rest_route=\/wp\/v2\/users\/2"}],"replies":[{"embeddable":true,"href":"https:\/\/radiocresatelital.com\/index.php?rest_route=%2Fwp%2Fv2%2Fcomments&post=894"}],"version-history":[{"count":2,"href":"https:\/\/radiocresatelital.com\/index.php?rest_route=\/wp\/v2\/posts\/894\/revisions"}],"predecessor-version":[{"id":899,"href":"https:\/\/radiocresatelital.com\/index.php?rest_route=\/wp\/v2\/posts\/894\/revisions\/899"}],"wp:featuredmedia":[{"embeddable":true,"href":"https:\/\/radiocresatelital.com\/index.php?rest_route=\/wp\/v2\/media\/897"}],"wp:attachment":[{"href":"https:\/\/radiocresatelital.com\/index.php?rest_route=%2Fwp%2Fv2%2Fmedia&parent=894"}],"wp:term":[{"taxonomy":"category","embeddable":true,"href":"https:\/\/radiocresatelital.com\/index.php?rest_route=%2Fwp%2Fv2%2Fcategories&post=894"},{"taxonomy":"post_tag","embeddable":true,"href":"https:\/\/radiocresatelital.com\/index.php?rest_route=%2Fwp%2Fv2%2Ftags&post=894"}],"curies":[{"name":"wp","href":"https:\/\/api.w.org\/{rel}","templated":true}]}}