{"id":8932,"date":"2023-12-18T21:07:35","date_gmt":"2023-12-18T21:07:35","guid":{"rendered":"https:\/\/radiocresatelital.com\/?p=8932"},"modified":"2023-12-18T21:07:35","modified_gmt":"2023-12-18T21:07:35","slug":"olimpiadas-familiares-celebraron-la-final-en-tres-disciplinas-deportivas","status":"publish","type":"post","link":"https:\/\/radiocresatelital.com\/?p=8932","title":{"rendered":"Olimpiadas Familiares celebraron la final en tres disciplinas deportivas"},"content":{"rendered":"<p>Guayaquil.- La Direcci\u00f3n de Deportes celebr\u00f3 la final de las Olimpiadas Familiares en el coliseo del colegio Vicente Rocafuerte. El objetivo de este torneo es que los guayaquile\u00f1os practiquen diversos deportes en familia. De esta manera se busca que la ciudadan\u00eda recupere los espacios p\u00fablicos.<\/p>\n<p>En total fueron tres disciplinas que jugaron los equipos familiares: \u00edndor, b\u00e1squet y v\u00f3ley. Los partidos empezaron en octubre y se jugaron en diferentes sectores de Guayaquil como Las Orqu\u00eddeas, Sauces, Guasmo, Uni\u00f3n de Bananeros, Mucho Lote, Monte Sina\u00ed, La Pradera, Acacias, Chong\u00f3n y Trinitaria.<\/p>\n<p>En este primer a\u00f1o se inscribieron 260 equipos lo que significa que 2.600 personas participaron. Cada uno de estos equipos estuvo conformado por ni\u00f1os, mujeres, padres de familia, abuelos y amigos.<\/p>\n<p>Carlos Mor\u00e1n, director de Deportes, mencion\u00f3 que \u201cbuscamos integrar a las familias de Guayaquil a trav\u00e9s de la actividad deportiva, as\u00ed que realmente estamos muy complacidos de poder llega con estas actividades. Vamos a repetir el pr\u00f3ximo a\u00f1o y vamos a buscar a llegar a m\u00e1s gente, con m\u00e1s disciplinas deportivas y con m\u00e1s equipos\u201d.<\/p>\n<p><strong>Los equipos ganadores fueron<\/strong><br \/>\n\u2022 Voley: equipo de Zumar<br \/>\n\u2022 B\u00e1squet: equipo de Mucho Lote<br \/>\n\u2022 \u00cdndor: equipo de Sauces 2<\/p>\n<p>Los equipos ganadores fueron premiados con medallas deportivas y trofeos. Adem\u00e1s, se le entreg\u00f3 a cada equipo familiar cafeteras, licuadoras, toma todos, kit de limpieza y art\u00edculos deportivos.<\/p>\n<p>Eddy Naranjo, del equipo de Sauces 2, coment\u00f3 que \u201ces una experiencia muy linda, porque creo que es primera vez que pasa esto en Guayaquil. Nosotros como familia nos sentimos orgullosos de poder pasar una tarde amena con familia, gente del barrio y e integrarnos con gente de todo Guayaquil\u201d.<\/p>\n<p>Mientras que Lorena Carbo, madre de familia que jug\u00f3 \u00edndor en el equipo de la Febres Cordero, dijo \u201cch\u00e9vere porque las amas de casa podemos hacer un poco de deporte\u201d.<\/p>\n<p>M\u00e1s de 3.500 ni\u00f1os de sectores vulnerables celebraron al Navidad en la Concha Ac\u00fastica del Parque Samanes En un evento denominado \u201cM\u00e1gica Navidad\u201d se festej\u00f3 a 3.500 ni\u00f1os de diferentes sectores vulnerables de Guayaquil en la Concha Ac\u00fastica del Parque Samanes.<\/p>\n<p>El programa estuvo a cargo de la Direcci\u00f3n de Eventos del Municipio de Guayaquil y cont\u00f3 con la animaci\u00f3n de la reina de la ciudad, Sabina Gonz\u00e1lez. Con m\u00fasica, juegos infantiles y espuma, los ni\u00f1os de diferentes edades y de sectores como Basti\u00f3n Popular, Isla Trinitaria, Barrio de Paz, disfrutaron del festejo navide\u00f1o.<\/p>\n<p>Adem\u00e1s, recibieron juguetes y caramelos junto con la visita de Pap\u00e1 Noel. Mabel Lara, moradora de Basti\u00f3n, lleg\u00f3 al evento con sus cuatro hijos. \u201cEs muy interesante, s\u00faper bonito el espect\u00e1culo que hacen, estoy divirti\u00e9ndome con mis ni\u00f1os. Much\u00edsimas gracias a la organizaci\u00f3n por esto\u201d.<\/p>\n<p>Por otro lado, Marlene Cabrera, habitante de Los Vergeles, disfrut\u00f3 junto a sus nietas. \u201cEsto tambi\u00e9n nos alegra a nosotros los viejitos y tambi\u00e9n a los ni\u00f1os, as\u00ed podemos recordar la Navidad\u201d, coment\u00f3.<\/p>\n<p>Por primera vez Orquesta Filarm\u00f3nica se present\u00f3 en Pascuales La Orquesta Filarm\u00f3nica Municipal se present\u00f3 en la Parroquia San Juan Bautista de Pascuales, siendo la primera vez que los m\u00fasicos llegan a este sector.<\/p>\n<p>La presentaci\u00f3n form\u00f3 parte del programa \u201cRuta de las Iglesias\u201d y est\u00e1 fue la presentaci\u00f3n n\u00famero 15. La iniciativa se enmarca en el objetivo de la Alcald\u00eda de Aquiles Alvarez para reconstruir el tejido social de la ciudad, a trav\u00e9s de la cultura y el arte.<\/p>\n<p>Valls de la bella durmiente y canciones navide\u00f1as fue la puesta en escena de la orquesta. Aproximadamente 250 personas, entre ni\u00f1os, adultos mayores y p\u00fablico en general, disfrutaron de una hora de concierto.<\/p>\n<p>Los asistentes aplaudieron y agradecieron la presentaci\u00f3n de los 55 m\u00fasicos. El sacerdote Patricio Vera dijo que \u201cpara nosotros es una gran alegr\u00eda tener la Orquesta Filarm\u00f3nica por primera vez. Estamos viviendo \u00e9pocas dif\u00edciles en el territorio nacional, principalmente en Pascuales, pero estos eventos programados por la Ilustre Municipalidad son un aliento para nosotros, especialmente en Navidad que es un momento de paz\u201d.<\/p>\n<p>Mar\u00eda Mora, nacida y criada en Pascuales, coment\u00f3 que \u201cesto es maravilloso, algo que no hab\u00edamos tenido. Esto nos anima much\u00edsimo el alma, el esp\u00edritu y nos llena de Dios\u201d. Mientras que Pedro Ortega dijo \u201cexcelente, por primera vez que se presenta algo cultural aqu\u00ed. Que no sea la \u00faltima vez\u201d.<\/p>\n<p>La orquesta culminar\u00e1 el pr\u00f3ximo jueves 21 de diciembre con la presentaci\u00f3n en la Catedral.<\/p>\n<p>DASE ofreci\u00f3 un festival navide\u00f1o que cont\u00f3 con la presentaci\u00f3n de 60 artistas. La Empresa P\u00fablica de Desarrollo de Acci\u00f3n Social y Educaci\u00f3n (DASE) ofreci\u00f3 un festival navide\u00f1o para las familias guayaquile\u00f1as.<\/p>\n<p>Cerca de 2.000 personas disfrutaron la presentaci\u00f3n de 60 artistas nacionales por lo que el festival tambi\u00e9n sirvi\u00f3 como plataforma para los cantantes locales. Ni\u00f1os y adultos participaron en concursos, mientras se emit\u00edan mensajes a favor de la uni\u00f3n, el amor y la paz entre familia y amigos.<\/p>\n<p>\u201cEl objetivo del evento fue pasar en familia, que est\u00e9n animados y que disfruten de estos espacios p\u00fablicos\u201d, destac\u00f3 Andrea Sanchez directora de integraci\u00f3n barrial de la EP DASE.<\/p>\n<p>Tais Zambrano, moradora del Suburbio de Guayaquil, asisti\u00f3 al evento y coment\u00f3: \u201cMe gust\u00f3 mucho y que sigan haciendo eventos con m\u00e1s alcance para m\u00e1s personas\u201d. Por otro lado, Carlos Saldarreaga, habitante de Los Esteros, \u201cme siento muy animado de que los ni\u00f1os y las personas tengamos un lugar donde divertimos y pasar juntos. Le hace falta m\u00e1s espacios p\u00fablicos a Guayaquil y justamente este rescate que le han hecho a Guayarte cae bien para todos\u201d.<\/p>\n<p>Adem\u00e1s, contaron con la exposici\u00f3n de los emprendimientos realizados por los emprendedores de la DASE, que lograron vender productos de reposter\u00eda, artesan\u00edas y manualidades.<\/p>\n<p><strong>Se realizar\u00e1 un nuevo cierre total en la Av. 25 de Julio<\/strong><br \/>\nLa Direcci\u00f3n de Obras P\u00fablicas comunica a la ciudadan\u00eda que se realizar\u00e1 un cierre total en carriles de servicio en la Av. 25 de julio desde el 18 de diciembre hasta el 18 de enero de 2024 en el sentido de circulaci\u00f3n sur \u2013 norte en su intersecci\u00f3n con la Av. Roberto Serrano para realizar almacenaje y colocaci\u00f3n de vigas curvas del puente vehicular.<\/p>\n<p>Los veh\u00edculos que circulan por el carril de servicio, se abrir\u00e1 un tramo para que puedan conectarse al tr\u00e1fico del carril de velocidad sur \u2013 norte.<\/p>\n<p>Adem\u00e1s, se mantiene el cierre parcial del carril de servicio norte \u2013 sur con un desvi\u00f3 de tr\u00e1fico por la ciudadela Santa M\u00f3nica, para luego reintegrarse a la Av. 25 de Julio. Estos trabajos ser\u00e1n coordinados con la Agencia de Transito y<br \/>\nMovilidad (ATM).<\/p>\n","protected":false},"excerpt":{"rendered":"<p>Guayaquil.- La Direcci\u00f3n de Deportes celebr\u00f3 la final de las Olimpiadas Familiares en el coliseo del colegio Vicente Rocafuerte. El objetivo de este torneo es que los guayaquile\u00f1os practiquen diversos deportes en familia. De esta manera se busca que la ciudadan\u00eda recupere los espacios p\u00fablicos. En total fueron tres disciplinas que jugaron los equipos familiares: [&hellip;]<\/p>\n","protected":false},"author":2,"featured_media":8933,"comment_status":"open","ping_status":"closed","sticky":false,"template":"","format":"standard","meta":{"_jetpack_memberships_contains_paid_content":false,"footnotes":""},"categories":[33,13],"tags":[114],"class_list":["post-8932","post","type-post","status-publish","format-standard","has-post-thumbnail","hentry","category-guayaquil","category-noticias-nacionales","tag-municipio-de-guayaquil"],"jetpack_featured_media_url":"https:\/\/radiocresatelital.com\/wp-content\/uploads\/2023\/12\/GBk_RV2WAAAWLmq.jpeg","jetpack_sharing_enabled":true,"_links":{"self":[{"href":"https:\/\/radiocresatelital.com\/index.php?rest_route=\/wp\/v2\/posts\/8932","targetHints":{"allow":["GET"]}}],"collection":[{"href":"https:\/\/radiocresatelital.com\/index.php?rest_route=\/wp\/v2\/posts"}],"about":[{"href":"https:\/\/radiocresatelital.com\/index.php?rest_route=\/wp\/v2\/types\/post"}],"author":[{"embeddable":true,"href":"https:\/\/radiocresatelital.com\/index.php?rest_route=\/wp\/v2\/users\/2"}],"replies":[{"embeddable":true,"href":"https:\/\/radiocresatelital.com\/index.php?rest_route=%2Fwp%2Fv2%2Fcomments&post=8932"}],"version-history":[{"count":1,"href":"https:\/\/radiocresatelital.com\/index.php?rest_route=\/wp\/v2\/posts\/8932\/revisions"}],"predecessor-version":[{"id":8934,"href":"https:\/\/radiocresatelital.com\/index.php?rest_route=\/wp\/v2\/posts\/8932\/revisions\/8934"}],"wp:featuredmedia":[{"embeddable":true,"href":"https:\/\/radiocresatelital.com\/index.php?rest_route=\/wp\/v2\/media\/8933"}],"wp:attachment":[{"href":"https:\/\/radiocresatelital.com\/index.php?rest_route=%2Fwp%2Fv2%2Fmedia&parent=8932"}],"wp:term":[{"taxonomy":"category","embeddable":true,"href":"https:\/\/radiocresatelital.com\/index.php?rest_route=%2Fwp%2Fv2%2Fcategories&post=8932"},{"taxonomy":"post_tag","embeddable":true,"href":"https:\/\/radiocresatelital.com\/index.php?rest_route=%2Fwp%2Fv2%2Ftags&post=8932"}],"curies":[{"name":"wp","href":"https:\/\/api.w.org\/{rel}","templated":true}]}}