{"id":8909,"date":"2023-12-17T23:46:02","date_gmt":"2023-12-17T23:46:02","guid":{"rendered":"https:\/\/radiocresatelital.com\/?p=8909"},"modified":"2023-12-17T23:46:02","modified_gmt":"2023-12-17T23:46:02","slug":"liga-de-quito-empata-con-ind-del-valle-pero-gana-en-tanda-de-penales-y-se-corona-campeon-de-liga-pro-2023","status":"publish","type":"post","link":"https:\/\/radiocresatelital.com\/?p=8909","title":{"rendered":"Liga de Quito empata con Ind. del Valle pero gana en tanda de penales y se corona Campe\u00f3n de Liga Pro 2023"},"content":{"rendered":"<p>Quito.- El cotejo de vuelta que se disput\u00f3 en el Estadio \u00abRodrigo Paz Delgado\u00bb finaliz\u00f3 con empate a un gol por bando pero en la tanda de penales fue m\u00e1s efectivo el cuadro albo por tres a cero, cotejo v\u00e1lido por la Final de Liga Pro Bet 593 ante 40.000 espectadores.<\/p>\n<p>Para el arranque del partido, Ind. del Valle hace dos cambios en su alineaci\u00f3n sumando a Jhoanner Ch\u00e1vez y Joao Ort\u00edz dejando a Beder Caicedo y Junior Sornoza en el banco de suplentes.<\/p>\n<p>En menos de dos minutos, los dos equipos han tenido buenas aproximaciones a las porter\u00edas pero no han tenido profundidad.<\/p>\n<p>Los rayados del valle dominan mejor el medio sector ante la presi\u00f3n que imponen la zona de volantes albos.<\/p>\n<p>Gran llegada de los albos, Renato Ibarra llega por zurda pese a la marca que tiene para sacar un fuerte remate que el portero Mois\u00e9s Ram\u00edrez salva su porter\u00eda.<\/p>\n<p>Buena llegada del cuadro sangolquile\u00f1o, cuando Michael Hoyos aprovecha un rebote que llega a sus pies para rematar de media distancia pero a las manos del portero Dom\u00ednguez.<\/p>\n<p>A los 15 minutos, Garc\u00eda Basso pone un pase para Lorenzo Faravelli quien pone un largo pase para Kendry P\u00e1ez quien avanza sin marca saca un potente disparo que vence la resistencia de Dom\u00ednguez para anotar la primera conquista rayada del valle. 1 x 0.<\/p>\n<p>Se jugaban los 18 minutos, Mauricio Mart\u00ednez coloca un pase largo para la llegada de Renato Ibarra, donde le gana en velocidad a su celador y ante la mala salida de Mois\u00e9s Ram\u00edrez queda mal parado donde remata suave para que el bal\u00f3n ingrese lentamente a la porter\u00eda visitante. 1 x 1.<\/p>\n<p>Despu\u00e9s que el partido cay\u00f3 un un bache, llega una jugada de peligro para Liga, Leonel Qui\u00f1\u00f3nez pone un centro al segundo poste donde Johan Julio remata de volea donde ese bal\u00f3n pega en el poste y se salva Ind. del Valle.<\/p>\n<p>Johan Julio coloca un centro donde estaba en el \u00e1rea, el delantero Paolo Guerrero quien no puede dominar bien el bal\u00f3n pero intenta rematar pero a las manos del portero Ram\u00edrez.<\/p>\n<p>Gran remate de Jordy Alc\u00edvar sin marca pero el portero albo env\u00eda ese bal\u00f3n al tiro de esquina.<\/p>\n<p>Para el arranque del segundo tiempo, los t\u00e9cnicos no hacen variantes en sus oncenas titulares.<\/p>\n<p>El cuadro albo trata de poner emoci\u00f3n al partido buscando a sus referentes que no han funcionado en este cotejo.<\/p>\n<p>Una de las pocas llegadas del partido, la tiene Kendry P\u00e13ez con un fuerte remate cruzado pero ese disparo sale desviado.<\/p>\n<p>El cuadro rayado del valle ha realizado tres modificaciones para buscar mejorar el trabajo por las bandas donde los centros al \u00e1rea no ten\u00edan receptor porque estaba jugando Hoyos como delantero mentiroso.<\/p>\n<p>Mientras que los albos, ponen en el terreno de juego a Jan Hurtado para darle mayor velocidad al ataque blanco para abrir mejor las puntas.<\/p>\n<p>Gran trabajo en el medio campo de Ind. donde Sornoza le toca bal\u00f3n para Marcelo Moreno Martins quien remata mordido y la pelota llega a las manos del portero Dom\u00ednguez.<\/p>\n<p>Gran jugada de Junior Sornoza quien ingresa al \u00e1rea para rematar fuerte donde Ricardo Ad\u00e9 mete la cabeza para salvar su arco.<\/p>\n<p>Este partido finaliz\u00f3 con marcador empatado a un gol y se definir\u00e1 en tiros penales.<\/p>\n<p>Tanda de Penales<\/p>\n<p><strong>Ind. del Valle<\/strong>\u00a0 \u00a0 \u00a0 \u00a0 \u00a0 \u00a0 \u00a0 \u00a0 \u00a0 \u00a0 \u00a0 \u00a0 \u00a0 \u00a0 \u00a0 \u00a0 \u00a0 \u00a0 \u00a0 \u00a0 \u00a0 \u00a0 \u00a0<strong>Liga de Quito<\/strong><\/p>\n<p>Lorenzo Faravelli\u00a0 NO\u00a0 \u00a0 \u00a0 \u00a0 \u00a0 \u00a0 \u00a0 \u00a0 \u00a0 \u00a0 \u00a0 \u00a0 \u00a0 \u00a0 \u00a0 \u00a0 Lizandro Alzugarray\u00a0 \u00a0 \u00a0 \u00a0 SI<br \/>\nJordy Alc\u00edvar\u00a0 \u00a0 \u00a0 \u00a0 \u00a0 NO\u00a0 \u00a0 \u00a0 \u00a0 \u00a0 \u00a0 \u00a0 \u00a0 \u00a0 \u00a0 \u00a0 \u00a0 \u00a0 \u00a0 \u00a0 \u00a0Jan Hurtado\u00a0 \u00a0 \u00a0 \u00a0 \u00a0 \u00a0 \u00a0 \u00a0 \u00a0 \u00a0 \u00a0 SI<br \/>\nMarcelo Moreno Martins\u00a0 \u00a0 \u00a0NO\u00a0 \u00a0 \u00a0 \u00a0 \u00a0 \u00a0 \u00a0 \u00a0Leonel Qui\u00f1\u00f3nez\u00a0 \u00a0 \u00a0 \u00a0 \u00a0 \u00a0 \u00a0SI<\/p>\n","protected":false},"excerpt":{"rendered":"<p>Quito.- El cotejo de vuelta que se disput\u00f3 en el Estadio \u00abRodrigo Paz Delgado\u00bb finaliz\u00f3 con empate a un gol por bando pero en la tanda de penales fue m\u00e1s efectivo el cuadro albo por tres a cero, cotejo v\u00e1lido por la Final de Liga Pro Bet 593 ante 40.000 espectadores. Para el arranque del [&hellip;]<\/p>\n","protected":false},"author":2,"featured_media":8911,"comment_status":"open","ping_status":"closed","sticky":false,"template":"","format":"standard","meta":{"_jetpack_memberships_contains_paid_content":false,"footnotes":""},"categories":[626,73],"tags":[929,242,517,135],"class_list":["post-8909","post","type-post","status-publish","format-standard","has-post-thumbnail","hentry","category-futbol-nacional","category-liga-pro","tag-futbol-nacional","tag-ind-del-valle","tag-liga-de-quito","tag-liga-pro"],"jetpack_featured_media_url":"https:\/\/radiocresatelital.com\/wp-content\/uploads\/2023\/12\/GBlLbxPWYAIAGtw.jpeg","jetpack_sharing_enabled":true,"_links":{"self":[{"href":"https:\/\/radiocresatelital.com\/index.php?rest_route=\/wp\/v2\/posts\/8909","targetHints":{"allow":["GET"]}}],"collection":[{"href":"https:\/\/radiocresatelital.com\/index.php?rest_route=\/wp\/v2\/posts"}],"about":[{"href":"https:\/\/radiocresatelital.com\/index.php?rest_route=\/wp\/v2\/types\/post"}],"author":[{"embeddable":true,"href":"https:\/\/radiocresatelital.com\/index.php?rest_route=\/wp\/v2\/users\/2"}],"replies":[{"embeddable":true,"href":"https:\/\/radiocresatelital.com\/index.php?rest_route=%2Fwp%2Fv2%2Fcomments&post=8909"}],"version-history":[{"count":1,"href":"https:\/\/radiocresatelital.com\/index.php?rest_route=\/wp\/v2\/posts\/8909\/revisions"}],"predecessor-version":[{"id":8912,"href":"https:\/\/radiocresatelital.com\/index.php?rest_route=\/wp\/v2\/posts\/8909\/revisions\/8912"}],"wp:featuredmedia":[{"embeddable":true,"href":"https:\/\/radiocresatelital.com\/index.php?rest_route=\/wp\/v2\/media\/8911"}],"wp:attachment":[{"href":"https:\/\/radiocresatelital.com\/index.php?rest_route=%2Fwp%2Fv2%2Fmedia&parent=8909"}],"wp:term":[{"taxonomy":"category","embeddable":true,"href":"https:\/\/radiocresatelital.com\/index.php?rest_route=%2Fwp%2Fv2%2Fcategories&post=8909"},{"taxonomy":"post_tag","embeddable":true,"href":"https:\/\/radiocresatelital.com\/index.php?rest_route=%2Fwp%2Fv2%2Ftags&post=8909"}],"curies":[{"name":"wp","href":"https:\/\/api.w.org\/{rel}","templated":true}]}}