{"id":8903,"date":"2023-12-16T20:16:51","date_gmt":"2023-12-16T20:16:51","guid":{"rendered":"https:\/\/radiocresatelital.com\/?p=8903"},"modified":"2023-12-17T00:32:58","modified_gmt":"2023-12-17T00:32:58","slug":"movistar-best-pc-se-aduena-de-la-sub-23-y-de-la-montana-en-costa-rica","status":"publish","type":"post","link":"https:\/\/radiocresatelital.com\/?p=8903","title":{"rendered":"Movistar Best PC se adue\u00f1a de la Sub 23 y de la Monta\u00f1a en Costa Rica"},"content":{"rendered":"<p>Costa Rica.- El equipo continental ecuatoriano Movistar Best PC inici\u00f3 con todo en la edici\u00f3n 57 de la Vuelta a Costa Rica. Luis Monteros, debutante en el equipo, se apoder\u00f3 de la camiseta de l\u00edder Sub 23 y Pablo Caicedo se prob\u00f3 el jersey de la Monta\u00f1a.<\/p>\n<p>Adem\u00e1s, posicion\u00f3 a Byron Guam\u00e1 y Santiago Montenegro en el top 5 de la clasificaci\u00f3n general.<\/p>\n<p><strong>De principio a fin<\/strong><\/p>\n<p>El equipo fue protagonista desde el inicio de la jornada de 151 kil\u00f3metros en el distrito de Heredia. Pablo Caicedo cay\u00f3 en la primera fuga. De eso sac\u00f3 provecho para puntuar en los dos premios de monta\u00f1a, de tercera categor\u00eda, del d\u00eda y sumar 10 puntos.<\/p>\n<p>\u201cSe dieron las cosas y me toc\u00f3 puntuar en la monta\u00f1a, pero tenemos un objetivo principal que es ganar la Vuelta\u201d, dijo Caicedo, de 37 a\u00f1os.<\/p>\n<p>Para Luis Monteros es casi un debut so\u00f1ado. Se incorpor\u00f3 al equipo a inicios de semana y hoy es l\u00edder juvenil en una carrera internacional.<\/p>\n<p>\u201cVoy a defender la camiseta hasta donde se pueda, ojal\u00e1 sea hasta el final\u201d, destac\u00f3 el ciclista cayambe\u00f1o de 20 a\u00f1os, quien estuvo en la fuga final junto a Byron Guam\u00e1 y Santiago Montenegro.<\/p>\n<p>Los l\u00edderes del equipo se lograron ubicar en cuarto y quinto puesto, respectivamente, de la etapa con final en Ca\u00f1as.<\/p>\n<p>Este domingo se cumple la segunda fracci\u00f3n. Ser\u00e1 un recorrido de 160 kil\u00f3metros entre los distritos de Ca\u00f1as y Liberia.<\/p>\n","protected":false},"excerpt":{"rendered":"<p>Costa Rica.- El equipo continental ecuatoriano Movistar Best PC inici\u00f3 con todo en la edici\u00f3n 57 de la Vuelta a Costa Rica. Luis Monteros, debutante en el equipo, se apoder\u00f3 de la camiseta de l\u00edder Sub 23 y Pablo Caicedo se prob\u00f3 el jersey de la Monta\u00f1a. Adem\u00e1s, posicion\u00f3 a Byron Guam\u00e1 y Santiago Montenegro [&hellip;]<\/p>\n","protected":false},"author":2,"featured_media":8905,"comment_status":"open","ping_status":"closed","sticky":false,"template":"","format":"standard","meta":{"_jetpack_memberships_contains_paid_content":false,"footnotes":""},"categories":[120,9],"tags":[1029],"class_list":["post-8903","post","type-post","status-publish","format-standard","has-post-thumbnail","hentry","category-ciclismo","category-deportes","tag-movistar-best-pc"],"jetpack_featured_media_url":"https:\/\/radiocresatelital.com\/wp-content\/uploads\/2023\/12\/411596660_122129099432056732_4887059958281684728_n.jpg","jetpack_sharing_enabled":true,"_links":{"self":[{"href":"https:\/\/radiocresatelital.com\/index.php?rest_route=\/wp\/v2\/posts\/8903","targetHints":{"allow":["GET"]}}],"collection":[{"href":"https:\/\/radiocresatelital.com\/index.php?rest_route=\/wp\/v2\/posts"}],"about":[{"href":"https:\/\/radiocresatelital.com\/index.php?rest_route=\/wp\/v2\/types\/post"}],"author":[{"embeddable":true,"href":"https:\/\/radiocresatelital.com\/index.php?rest_route=\/wp\/v2\/users\/2"}],"replies":[{"embeddable":true,"href":"https:\/\/radiocresatelital.com\/index.php?rest_route=%2Fwp%2Fv2%2Fcomments&post=8903"}],"version-history":[{"count":1,"href":"https:\/\/radiocresatelital.com\/index.php?rest_route=\/wp\/v2\/posts\/8903\/revisions"}],"predecessor-version":[{"id":8904,"href":"https:\/\/radiocresatelital.com\/index.php?rest_route=\/wp\/v2\/posts\/8903\/revisions\/8904"}],"wp:featuredmedia":[{"embeddable":true,"href":"https:\/\/radiocresatelital.com\/index.php?rest_route=\/wp\/v2\/media\/8905"}],"wp:attachment":[{"href":"https:\/\/radiocresatelital.com\/index.php?rest_route=%2Fwp%2Fv2%2Fmedia&parent=8903"}],"wp:term":[{"taxonomy":"category","embeddable":true,"href":"https:\/\/radiocresatelital.com\/index.php?rest_route=%2Fwp%2Fv2%2Fcategories&post=8903"},{"taxonomy":"post_tag","embeddable":true,"href":"https:\/\/radiocresatelital.com\/index.php?rest_route=%2Fwp%2Fv2%2Ftags&post=8903"}],"curies":[{"name":"wp","href":"https:\/\/api.w.org\/{rel}","templated":true}]}}