{"id":8879,"date":"2023-12-16T18:02:34","date_gmt":"2023-12-16T18:02:34","guid":{"rendered":"https:\/\/radiocresatelital.com\/?p=8879"},"modified":"2023-12-16T18:02:34","modified_gmt":"2023-12-16T18:02:34","slug":"presidente-daniel-noboa-reitero-que-el-plan-de-seguridad-involucra-tecnologia-e-inteligencia-en-ceremonia-de-ascensos-de-la-fuerza-naval","status":"publish","type":"post","link":"https:\/\/radiocresatelital.com\/?p=8879","title":{"rendered":"Presidente Daniel Noboa reiter\u00f3 que el plan de seguridad involucra tecnolog\u00eda e inteligencia en ceremonia de ascensos de la Fuerza Naval"},"content":{"rendered":"<p>Salinas.- El presidente de la Rep\u00fablica, Daniel Noboa, asisti\u00f3 a la ceremonia de ascensos al grado de vicealmirantes y graduaci\u00f3n de oficiales de la Fuerza Naval. Los actos se realizaron en la Escuela Superior Naval \u201cCmdte. Rafael Mor\u00e1n Valverde\u201d, en Salinas.<\/p>\n<p>En su intervenci\u00f3n, el Mandatario valor\u00f3 el esfuerzo de una formaci\u00f3n profesional para los nuevos oficiales de Arma, y reconoci\u00f3 la trayectoria de los nuevos vicealmirantes:<\/p>\n<p>\u201cUstedes han demostrado que se encuentran preparados para enfrentar los retos y responsabilidades que el Nuevo Ecuador demanda\u201d.<\/p>\n<p>Uno de los principales retos del Gobierno es la lucha contra la inseguridad. Por eso, el Jefe de Estado se\u00f1al\u00f3: \u201cNo descansaremos ni un segundo en el combate a la delincuencia. Nuestro plan de seguridad involucra tecnolog\u00eda, inteligencia, cooperaci\u00f3n internacional\u201d.<\/p>\n<p>Y a su vez, reiter\u00f3 todo el apoyo estatal para la Fuerza Naval, instituci\u00f3n comprometida en cuidar los mares y r\u00edos ecuatorianos, para proteger a la ciudadan\u00eda del crimen organizado y del terrorismo que no reconocen fronteras.<\/p>\n<p>Por su parte, el jefe del Comando Conjunto de las Fuerzas Armadas (FF. AA.), Jaime Vela, mencion\u00f3 que los oficiales de la Fuerza Naval son agentes de cambio, listos para enfrentar cualquier amenaza contra la seguridad del pa\u00eds, demostrando entrega, profesionalismo y transparencia en las tareas encomendadas.<\/p>\n<p>El Gobierno Nacional tambi\u00e9n tiene otras metas importantes: combatir el desempleo y la desigualdad. Por lo que el presidente Noboa resalt\u00f3 que es urgente generar m\u00e1s plazas de trabajo, especialmente para los j\u00f3venes. Por eso, se envi\u00f3 a la Asamblea Nacional el proyecto de Ley Econ\u00f3mica Urgente para la Generaci\u00f3n de Empleo: \u201cPor el bien de todos, esperamos su \u00e1gil tratamiento y aprobaci\u00f3n\u201d, mencion\u00f3.<\/p>\n<p>Al finalizar su intervenci\u00f3n en el acto, Daniel Noboa reiter\u00f3 que el Nuevo Ecuador se construye ahora, con la responsabilidad de responder luchando contra la violencia, la miseria y las desigualdades que aquejan al pa\u00eds.<\/p>\n","protected":false},"excerpt":{"rendered":"<p>Salinas.- El presidente de la Rep\u00fablica, Daniel Noboa, asisti\u00f3 a la ceremonia de ascensos al grado de vicealmirantes y graduaci\u00f3n de oficiales de la Fuerza Naval. Los actos se realizaron en la Escuela Superior Naval \u201cCmdte. Rafael Mor\u00e1n Valverde\u201d, en Salinas. En su intervenci\u00f3n, el Mandatario valor\u00f3 el esfuerzo de una formaci\u00f3n profesional para los [&hellip;]<\/p>\n","protected":false},"author":2,"featured_media":8880,"comment_status":"open","ping_status":"closed","sticky":false,"template":"","format":"standard","meta":{"_jetpack_memberships_contains_paid_content":false,"footnotes":""},"categories":[13],"tags":[1322],"class_list":["post-8879","post","type-post","status-publish","format-standard","has-post-thumbnail","hentry","category-noticias-nacionales","tag-presidente-daniel-noboa"],"jetpack_featured_media_url":"https:\/\/radiocresatelital.com\/wp-content\/uploads\/2023\/12\/53399578282_182777ed24_c.jpg","jetpack_sharing_enabled":true,"_links":{"self":[{"href":"https:\/\/radiocresatelital.com\/index.php?rest_route=\/wp\/v2\/posts\/8879","targetHints":{"allow":["GET"]}}],"collection":[{"href":"https:\/\/radiocresatelital.com\/index.php?rest_route=\/wp\/v2\/posts"}],"about":[{"href":"https:\/\/radiocresatelital.com\/index.php?rest_route=\/wp\/v2\/types\/post"}],"author":[{"embeddable":true,"href":"https:\/\/radiocresatelital.com\/index.php?rest_route=\/wp\/v2\/users\/2"}],"replies":[{"embeddable":true,"href":"https:\/\/radiocresatelital.com\/index.php?rest_route=%2Fwp%2Fv2%2Fcomments&post=8879"}],"version-history":[{"count":1,"href":"https:\/\/radiocresatelital.com\/index.php?rest_route=\/wp\/v2\/posts\/8879\/revisions"}],"predecessor-version":[{"id":8881,"href":"https:\/\/radiocresatelital.com\/index.php?rest_route=\/wp\/v2\/posts\/8879\/revisions\/8881"}],"wp:featuredmedia":[{"embeddable":true,"href":"https:\/\/radiocresatelital.com\/index.php?rest_route=\/wp\/v2\/media\/8880"}],"wp:attachment":[{"href":"https:\/\/radiocresatelital.com\/index.php?rest_route=%2Fwp%2Fv2%2Fmedia&parent=8879"}],"wp:term":[{"taxonomy":"category","embeddable":true,"href":"https:\/\/radiocresatelital.com\/index.php?rest_route=%2Fwp%2Fv2%2Fcategories&post=8879"},{"taxonomy":"post_tag","embeddable":true,"href":"https:\/\/radiocresatelital.com\/index.php?rest_route=%2Fwp%2Fv2%2Ftags&post=8879"}],"curies":[{"name":"wp","href":"https:\/\/api.w.org\/{rel}","templated":true}]}}