{"id":8873,"date":"2023-12-16T17:44:26","date_gmt":"2023-12-16T17:44:26","guid":{"rendered":"https:\/\/radiocresatelital.com\/?p=8873"},"modified":"2023-12-16T17:44:26","modified_gmt":"2023-12-16T17:44:26","slug":"michael-esta-aqui-asi-que-no-lo-extrano-pero-no-es-el-michael-de-antes-jean-todt","status":"publish","type":"post","link":"https:\/\/radiocresatelital.com\/?p=8873","title":{"rendered":"Michael est\u00e1 aqu\u00ed, as\u00ed que no lo extra\u00f1o. Pero no es el Michael de antes, Jean Todt"},"content":{"rendered":"<p>Par\u00eds.- Jean Todt, ex responsable Ferrari y ex Presidente de la FIA, ha indicado que el estado de salud del expiloto de F\u00f3rmula Uno, Michael Schumacher, quien hace diez a\u00f1os sufri\u00f3 un grave accidente esquiando en Francia tras el cual su familia dio escuetos comunicados acerca de su situaci\u00f3n.<\/p>\n<p>\u00abMichael est\u00e1 aqu\u00ed, as\u00ed que no lo extra\u00f1o. Pero no es el Michael de antes. Es diferente y est\u00e1 magn\u00edficamente guiado por su esposa e hijos que lo protegen. Su vida es diferente y tengo el privilegio de compartir momentos con \u00e9l\u00bb, explic\u00f3 Todt durante una entrevista con el diario franc\u00e9s L&#8217; Equipe Todt es uno de los de los pocos que visitan regularmente a su amigo y a su familia en la residencia de Gland, en Suiza, por lo que no revel\u00f3 muchos m\u00e1s detalles sobre el estado del ex piloto alem\u00e1n.<\/p>\n<p>\u00abEso es todo lo que hay que decir. Por desgracia, el destino le ha afectado y ya no es el Michael que conocimos\u00bb, expres\u00f3 el franc\u00e9s en su charla con L&#8217; Equipe.<\/p>\n<p>A lo largo de los a\u00f1os no se ha dejado escapar nada sobre sus condiciones de salud, respetando el pedido de privacidad, pero se supo que su familia ha seguido junto a \u00e9l varias carreras por televisi\u00f3n.<\/p>\n<p>La relaci\u00f3n entre Todt y Schumacher comenz\u00f3 a forjarse en 1996, a\u00f1o en que el alem\u00e1n fue contratado por Ferrari luego de los dos t\u00edtulos mundiales que logr\u00f3 con la escuder\u00eda brit\u00e1nica Benetton en los &#8217;90.<\/p>\n<p>En Maranello, ciudad al norte de Italia, Michael encontr\u00f3 al manager franc\u00e9s y ambos formaron un equipo que logr\u00f3 cortar la sequ\u00eda de victorias del equipo italiano en la m\u00e1xima categor\u00eda que se extend\u00eda desde 1979.<\/p>\n<p>Los cinco t\u00edtulos obtenidos consecutivamente de 2000 a 2004 no hicieron m\u00e1s que incrementar la relaci\u00f3n entre los dos grandes protagonistas de esa \u00e9poca.<\/p>\n<p>Durante su permanencia en Maranello, interrumpida en 2006 por su primer retiro de la categor\u00eda, Schumacher gan\u00f3 72 Grandes Premios, adem\u00e1s de obtener 58 poles, 53 vueltas r\u00e1pidas y 116 podios, para un total de 180 carreras disputados.<\/p>\n","protected":false},"excerpt":{"rendered":"<p>Par\u00eds.- Jean Todt, ex responsable Ferrari y ex Presidente de la FIA, ha indicado que el estado de salud del expiloto de F\u00f3rmula Uno, Michael Schumacher, quien hace diez a\u00f1os sufri\u00f3 un grave accidente esquiando en Francia tras el cual su familia dio escuetos comunicados acerca de su situaci\u00f3n. \u00abMichael est\u00e1 aqu\u00ed, as\u00ed que no [&hellip;]<\/p>\n","protected":false},"author":2,"featured_media":8874,"comment_status":"open","ping_status":"closed","sticky":false,"template":"","format":"standard","meta":{"_jetpack_memberships_contains_paid_content":false,"footnotes":""},"categories":[9,20],"tags":[21,1526,1527],"class_list":["post-8873","post","type-post","status-publish","format-standard","has-post-thumbnail","hentry","category-deportes","category-formula-uno","tag-ferrari","tag-jean-todt","tag-michael-schumacher"],"jetpack_featured_media_url":"https:\/\/radiocresatelital.com\/wp-content\/uploads\/2023\/12\/HO43HGLDXVBCHI7276JWGGFOAA.jpg","jetpack_sharing_enabled":true,"_links":{"self":[{"href":"https:\/\/radiocresatelital.com\/index.php?rest_route=\/wp\/v2\/posts\/8873","targetHints":{"allow":["GET"]}}],"collection":[{"href":"https:\/\/radiocresatelital.com\/index.php?rest_route=\/wp\/v2\/posts"}],"about":[{"href":"https:\/\/radiocresatelital.com\/index.php?rest_route=\/wp\/v2\/types\/post"}],"author":[{"embeddable":true,"href":"https:\/\/radiocresatelital.com\/index.php?rest_route=\/wp\/v2\/users\/2"}],"replies":[{"embeddable":true,"href":"https:\/\/radiocresatelital.com\/index.php?rest_route=%2Fwp%2Fv2%2Fcomments&post=8873"}],"version-history":[{"count":1,"href":"https:\/\/radiocresatelital.com\/index.php?rest_route=\/wp\/v2\/posts\/8873\/revisions"}],"predecessor-version":[{"id":8875,"href":"https:\/\/radiocresatelital.com\/index.php?rest_route=\/wp\/v2\/posts\/8873\/revisions\/8875"}],"wp:featuredmedia":[{"embeddable":true,"href":"https:\/\/radiocresatelital.com\/index.php?rest_route=\/wp\/v2\/media\/8874"}],"wp:attachment":[{"href":"https:\/\/radiocresatelital.com\/index.php?rest_route=%2Fwp%2Fv2%2Fmedia&parent=8873"}],"wp:term":[{"taxonomy":"category","embeddable":true,"href":"https:\/\/radiocresatelital.com\/index.php?rest_route=%2Fwp%2Fv2%2Fcategories&post=8873"},{"taxonomy":"post_tag","embeddable":true,"href":"https:\/\/radiocresatelital.com\/index.php?rest_route=%2Fwp%2Fv2%2Ftags&post=8873"}],"curies":[{"name":"wp","href":"https:\/\/api.w.org\/{rel}","templated":true}]}}