{"id":8866,"date":"2023-12-15T23:35:45","date_gmt":"2023-12-15T23:35:45","guid":{"rendered":"https:\/\/radiocresatelital.com\/?p=8866"},"modified":"2023-12-15T23:41:52","modified_gmt":"2023-12-15T23:41:52","slug":"ministro-de-la-vivienda-ratifica-trabajo-con-autoridades-seccionales-de-el-oro-para-ejecucion-de-planes-habitacionales","status":"publish","type":"post","link":"https:\/\/radiocresatelital.com\/?p=8866","title":{"rendered":"Ministro de la Vivienda ratifica trabajo con autoridades seccionales de El Oro para ejecuci\u00f3n de planes habitacionales"},"content":{"rendered":"<p>Machala.- Un trabajo articulado y conjunto con la Prefectura, las alcald\u00edas y las juntas parroquiales de El Oro fue lo que ratific\u00f3 el Ministro de Desarrollo Urbano y Vivienda Humberto Plaza Arg\u00fcello en su visita a la provincia de El Oro, el viernes 15 de diciembre del 2023, actividad de la que, adem\u00e1s particip\u00f3 el gobernador de El Oro Jimmy Blacio Ochoa.<\/p>\n<p>Como parte de ese compromiso del gobierno del president Daniel Noboa Azin con la provincia, el Secretario de Estado inform\u00f3 que pr\u00f3ximamente la Coordinaci\u00f3n Zonal 7 del Ministerio de la Vivienda que hoy brinda servicios en la ciudad de Loja, funcionar\u00e1 en la ciudad de Machala. Noticia que fue recibida con benepl\u00e1cito por las autoridades provinciales.<\/p>\n<p>El Ministro Plaza Arg\u00fcello manifest\u00f3 la gran importancia que tiene la provincia de El Oro para el Gobierno Nacional, por lo que ha sido priorizada para la asignaci\u00f3n de recursos para la implementaci\u00f3n de planes habitacionales, para lo cual enfatiz\u00f3 se busca el trabajo articulado con los gobiernos seccionales.<\/p>\n<p>\u201cLa cooperaci\u00f3n de los GAD, la empresa privada y multilaterales, es primordial para cumplir con el plan de vivienda del presidente Daniel Noboa, que comprende la entrega de m\u00e1s viviendas para los ecuatorianos. Ustedes d\u00edganme en qu\u00e9 parte de sus cantones hay tierra para construir casas de inter\u00e9s social. Necesitamos que nos entreguen los datos topogr\u00e1ficos, altim\u00e9tricos, planim\u00e9tricos de dichos terrenos para buscar el financiamiento para dichos proyectos habitacionales\u201d, manifest\u00f3 el Ministro Plaza.<\/p>\n<p>El gobernador Jimmy Blacio recalc\u00f3 que el compromiso del gobierno del presidente Daniel Noboa Azin es trabajar por cada sector del pa\u00eds y para ello buscan la articulaci\u00f3n con las autoridades seccionales, que son quienes conocen sus realidades y territorios<\/p>\n<p>\u00abNuestro trabajo est\u00e1 encaminado a que las personas m\u00e1s necesitadas del pa\u00eds tengan acceso a una vivienda digna\u00bb, recalc\u00f3 el Ejecutivo provincial.<\/p>\n<p>El Ministro Plaza Arg\u00fcello manifest\u00f3 que para apoyar a los GADs se prepara la creaci\u00f3n de una Unidad de dise\u00f1o en Guayaquil para apoyar a aquellos municipios que no cuentan con unidades especializadas.<\/p>\n<p>El acalde del cant\u00f3n Pasaje, Jovanny Coronel asegur\u00f3 que ellos est\u00e1n dispuestos a trabajar junto al Gobierno Nacional para implementar la planes habitacionales, \u00abTenemos la oportunidad de seguir trabajando , ya contamos con los proyectos para iniciar un plan piloto a nivel nacional\u00bb, refiri\u00f3.<\/p>\n<p>Otro de los ejes del trabajo de este Ministerios ser\u00e1 la actualizaci\u00f3n del Plan de uso y gesti\u00f3n del suelo.<\/p>\n","protected":false},"excerpt":{"rendered":"<p>Machala.- Un trabajo articulado y conjunto con la Prefectura, las alcald\u00edas y las juntas parroquiales de El Oro fue lo que ratific\u00f3 el Ministro de Desarrollo Urbano y Vivienda Humberto Plaza Arg\u00fcello en su visita a la provincia de El Oro, el viernes 15 de diciembre del 2023, actividad de la que, adem\u00e1s particip\u00f3 el [&hellip;]<\/p>\n","protected":false},"author":2,"featured_media":8867,"comment_status":"open","ping_status":"closed","sticky":false,"template":"","format":"standard","meta":{"_jetpack_memberships_contains_paid_content":false,"footnotes":""},"categories":[13],"tags":[1525,1524],"class_list":["post-8866","post","type-post","status-publish","format-standard","has-post-thumbnail","hentry","category-noticias-nacionales","tag-humberto-plaza","tag-ministro-de-desarrollo-urbano-y-vivienda"],"jetpack_featured_media_url":"https:\/\/radiocresatelital.com\/wp-content\/uploads\/2023\/12\/03fc78e4-215d-4f78-a6be-3a4b7acd2c50-scaled.jpeg","jetpack_sharing_enabled":true,"_links":{"self":[{"href":"https:\/\/radiocresatelital.com\/index.php?rest_route=\/wp\/v2\/posts\/8866","targetHints":{"allow":["GET"]}}],"collection":[{"href":"https:\/\/radiocresatelital.com\/index.php?rest_route=\/wp\/v2\/posts"}],"about":[{"href":"https:\/\/radiocresatelital.com\/index.php?rest_route=\/wp\/v2\/types\/post"}],"author":[{"embeddable":true,"href":"https:\/\/radiocresatelital.com\/index.php?rest_route=\/wp\/v2\/users\/2"}],"replies":[{"embeddable":true,"href":"https:\/\/radiocresatelital.com\/index.php?rest_route=%2Fwp%2Fv2%2Fcomments&post=8866"}],"version-history":[{"count":1,"href":"https:\/\/radiocresatelital.com\/index.php?rest_route=\/wp\/v2\/posts\/8866\/revisions"}],"predecessor-version":[{"id":8868,"href":"https:\/\/radiocresatelital.com\/index.php?rest_route=\/wp\/v2\/posts\/8866\/revisions\/8868"}],"wp:featuredmedia":[{"embeddable":true,"href":"https:\/\/radiocresatelital.com\/index.php?rest_route=\/wp\/v2\/media\/8867"}],"wp:attachment":[{"href":"https:\/\/radiocresatelital.com\/index.php?rest_route=%2Fwp%2Fv2%2Fmedia&parent=8866"}],"wp:term":[{"taxonomy":"category","embeddable":true,"href":"https:\/\/radiocresatelital.com\/index.php?rest_route=%2Fwp%2Fv2%2Fcategories&post=8866"},{"taxonomy":"post_tag","embeddable":true,"href":"https:\/\/radiocresatelital.com\/index.php?rest_route=%2Fwp%2Fv2%2Ftags&post=8866"}],"curies":[{"name":"wp","href":"https:\/\/api.w.org\/{rel}","templated":true}]}}