{"id":8863,"date":"2023-12-15T23:20:47","date_gmt":"2023-12-15T23:20:47","guid":{"rendered":"https:\/\/radiocresatelital.com\/?p=8863"},"modified":"2023-12-15T23:20:59","modified_gmt":"2023-12-15T23:20:59","slug":"direccion-de-eventos-y-promocion-civica-genera-ahorros-en-la-ciudad-en-la-organizacion-de-espectaculos-publicos","status":"publish","type":"post","link":"https:\/\/radiocresatelital.com\/?p=8863","title":{"rendered":"Direcci\u00f3n de Eventos y Promoci\u00f3n C\u00edvica genera ahorros en la ciudad en la organizaci\u00f3n de espect\u00e1culos p\u00fablicos"},"content":{"rendered":"<p>Guayaquil.- La Direcci\u00f3n de Eventos y Promoci\u00f3n C\u00edvica present\u00f3 un informe de gastos en la actual administraci\u00f3n, destinados a ferias y espect\u00e1culos durante la sesi\u00f3n itinerante del Concejo Cantonal que se realiz\u00f3 este jueves en Plaza Guayarte.<\/p>\n<p>La directora Tah\u00edz Panus explic\u00f3 que se gener\u00f3 un importante ahorro comparado con la anterior administraci\u00f3n. Por ejemplo: desde 2019 hasta mayo de 2023 el Municipio invirti\u00f3 USD 9.5 millones. Esta Alcald\u00eda tiene proyectado, hasta 2027, no invertir m\u00e1s de USD 6.5 millones, lo que representa un ahorro del 30%.<\/p>\n<p>\u201cEsto se toma del portal de compras p\u00fablicas de Empresa de Turismo, no se incluyen algunas cosas, como las sesiones que<br \/>\nantes se contrataban a trav\u00e9s de la Direcci\u00f3n de Prensa, ahora se contrata todo a trav\u00e9s de la Direcci\u00f3n de Eventos Especiales\u201d, explic\u00f3 la funcionaria.<\/p>\n<p>De mayo a diciembre de 2023, la Alcald\u00eda de Aquiles \u00c1lvarez ha invertido USD 1\u2019346.190,97, donde se incluye las ferias ciudadanas, los concejos itinerantes, los eventos de otras direcciones municipales.<\/p>\n<p>Por otro lado, en 2019, en Guayarte se invirtieron USD 225.000; en 2020, USD 30.000; en 2021, USD 180.000; en 2022 no hubo inversi\u00f3n. Sin embargo, en 2023, con 100% autogesti\u00f3n, se han invertido USD 20.450.<\/p>\n<p>Mientras que, en 2022, para el desfile de julio se invirtieron USD 145.000, mientras que el de 2023, con la actual administraci\u00f3n se invirti\u00f3 USD 54.000. El desfile de octubre de 2022, (evento nocturno con luces) cost\u00f3 USD 290.000; el de este a\u00f1o (tambi\u00e9n un evento nocturno) cost\u00f3 USD 98.000.<\/p>\n<p>El preg\u00f3n de julio de 2022 cost\u00f3 USD 15.000; mientras que el de 2023 cost\u00f3 USD 5.550. Para el preg\u00f3n de octubre de 2022 se invirtieron USD 10.000, mientras que el de este a\u00f1o fue de USD 4.435.<\/p>\n<p>Sobre la sesi\u00f3n solemne, la de julio de 2021 tuvo un costo de USD 398.000; la de 2022 fue de USD 99.998; y la que realiz\u00f3 esta administraci\u00f3n cost\u00f3 USD 54.900.<\/p>\n<p>Para la sesi\u00f3n de octubre, de 2022, el costo fue de USD 376.000, pero la de este a\u00f1o que se realiz\u00f3 en el Hemiciclo de La Rotonda se invirtieron USD 55.000.<\/p>\n<p>Gracias a la competencia sobre el parque Samanes, la Alcald\u00eda organiz\u00f3 un concierto que pudo haber costado medio mill\u00f3n de d\u00f3lares, sostuvo Panus, pero se invirtieron USD 196.880. \u201cUn evento de magnitud similar, el a\u00f1o pasado, pero con menos p\u00fablico, cost\u00f3 USD 290.000\u201d, destac\u00f3.<\/p>\n<p>El Alcalde Aquiles \u00c1lvarez destac\u00f3 que en su administraci\u00f3n se cre\u00f3 la Direcci\u00f3n de Eventos y Promoci\u00f3n C\u00edvica con el objetivo de generar ahorros a las arcas de la ciudad y organizar de una mejor manera los eventos, con el objetivo de que la comunidad vuelva a los espacios p\u00fablicos.<\/p>\n","protected":false},"excerpt":{"rendered":"<p>Guayaquil.- La Direcci\u00f3n de Eventos y Promoci\u00f3n C\u00edvica present\u00f3 un informe de gastos en la actual administraci\u00f3n, destinados a ferias y espect\u00e1culos durante la sesi\u00f3n itinerante del Concejo Cantonal que se realiz\u00f3 este jueves en Plaza Guayarte. La directora Tah\u00edz Panus explic\u00f3 que se gener\u00f3 un importante ahorro comparado con la anterior administraci\u00f3n. Por ejemplo: [&hellip;]<\/p>\n","protected":false},"author":2,"featured_media":8864,"comment_status":"open","ping_status":"closed","sticky":false,"template":"","format":"standard","meta":{"_jetpack_memberships_contains_paid_content":false,"footnotes":""},"categories":[33,13],"tags":[1522,1523],"class_list":["post-8863","post","type-post","status-publish","format-standard","has-post-thumbnail","hentry","category-guayaquil","category-noticias-nacionales","tag-direccion-de-eventos","tag-promocion-civica"],"jetpack_featured_media_url":"https:\/\/radiocresatelital.com\/wp-content\/uploads\/2023\/12\/image00005-scaled.jpeg","jetpack_sharing_enabled":true,"_links":{"self":[{"href":"https:\/\/radiocresatelital.com\/index.php?rest_route=\/wp\/v2\/posts\/8863","targetHints":{"allow":["GET"]}}],"collection":[{"href":"https:\/\/radiocresatelital.com\/index.php?rest_route=\/wp\/v2\/posts"}],"about":[{"href":"https:\/\/radiocresatelital.com\/index.php?rest_route=\/wp\/v2\/types\/post"}],"author":[{"embeddable":true,"href":"https:\/\/radiocresatelital.com\/index.php?rest_route=\/wp\/v2\/users\/2"}],"replies":[{"embeddable":true,"href":"https:\/\/radiocresatelital.com\/index.php?rest_route=%2Fwp%2Fv2%2Fcomments&post=8863"}],"version-history":[{"count":1,"href":"https:\/\/radiocresatelital.com\/index.php?rest_route=\/wp\/v2\/posts\/8863\/revisions"}],"predecessor-version":[{"id":8865,"href":"https:\/\/radiocresatelital.com\/index.php?rest_route=\/wp\/v2\/posts\/8863\/revisions\/8865"}],"wp:featuredmedia":[{"embeddable":true,"href":"https:\/\/radiocresatelital.com\/index.php?rest_route=\/wp\/v2\/media\/8864"}],"wp:attachment":[{"href":"https:\/\/radiocresatelital.com\/index.php?rest_route=%2Fwp%2Fv2%2Fmedia&parent=8863"}],"wp:term":[{"taxonomy":"category","embeddable":true,"href":"https:\/\/radiocresatelital.com\/index.php?rest_route=%2Fwp%2Fv2%2Fcategories&post=8863"},{"taxonomy":"post_tag","embeddable":true,"href":"https:\/\/radiocresatelital.com\/index.php?rest_route=%2Fwp%2Fv2%2Ftags&post=8863"}],"curies":[{"name":"wp","href":"https:\/\/api.w.org\/{rel}","templated":true}]}}