{"id":8852,"date":"2023-12-15T22:49:40","date_gmt":"2023-12-15T22:49:40","guid":{"rendered":"https:\/\/radiocresatelital.com\/?p=8852"},"modified":"2023-12-15T22:49:40","modified_gmt":"2023-12-15T22:49:40","slug":"msp-motiva-la-actualizacion-de-la-cedula-de-identidad-para-acreditar-el-tipo-de-discapacidad","status":"publish","type":"post","link":"https:\/\/radiocresatelital.com\/?p=8852","title":{"rendered":"MSP motiva la actualizaci\u00f3n de la c\u00e9dula de identidad para acreditar el tipo de discapacidad"},"content":{"rendered":"<p>Quito.-\u00a0Acorde a lo que establece la Ley Org\u00e1nica de Discapacidades, vigente en el pa\u00eds, la c\u00e9dula de ciudadan\u00eda es el \u00fanico documento habilitante que acredita la calificaci\u00f3n, registro y tipo de discapacidad.<\/p>\n<p>En este sentido, y a partir de la resoluci\u00f3n 002 del Consejo Nacional para la Igualdad de Discapacidades (Conadis), se extendi\u00f3 la vigencia de los carn\u00e9s que acreditan el tipo de discapacidad hasta el 31 de diciembre de 2023. Estos documentos fueron emitidos por el Conadis y el Ministerio de Salud P\u00fablica (MSP).<\/p>\n<p>De igual manera, esta cartera de Estado, a partir de febrero de 2022, suspendi\u00f3 la emisi\u00f3n e impresi\u00f3n del carn\u00e9 de discapacidad y gestion\u00f3 una adecuada entrega de informaci\u00f3n del registro y calificaci\u00f3n de personas con discapacidad al Registro Civil.<\/p>\n<p>A la fecha se han realizado 17.151 registros de calificaciones de discapacidad y 1.921 registros de recalificaciones, para lo cual, el MSP dispone de 122 puntos activos a escala nacional. Estos espacios lo integra un equipo de profesionales que inician con la valoraci\u00f3n previa de los requisitos de la calificaci\u00f3n, entre ellos est\u00e1n el informe del especialista, la referencia para atenci\u00f3n integral de salud y ex\u00e1menes complementarios. Una vez que se cumple con el proceso se valora aspectos biopsicosociales y se entrega un certificado.<\/p>\n<p>La persona con discapacidad no requiere agendamiento de turno en las agencias del Registro Civil para actualizar su c\u00e9dula de ciudadan\u00eda. El tr\u00e1mite es gratuito para quienes registren una calificaci\u00f3n de discapacidad igual o superior al 30%.<\/p>\n<p>El proceso de recalificaci\u00f3n de discapacidad es voluntario, tanto este servicio como la atenci\u00f3n integral puede solicitarse a trav\u00e9s de la l\u00ednea gratuita a 171.<\/p>\n<p>Ecuador avanza a un proceso \u00e1gil, gratuito y preferencial para el desarrollo inclusivo y la reducci\u00f3n de las desigualdades con la habilitaci\u00f3n de la c\u00e9dula de identidad para identificar la discapacidad.<\/p>\n<p>El MSP recuerda que la actualizaci\u00f3n de la c\u00e9dula de identidad es un servicio gratuito y preferencial. Con este documento, las personas con discapacidad podr\u00e1n acceder a los beneficios de la Ley Org\u00e1nica de Discapacidades.<\/p>\n","protected":false},"excerpt":{"rendered":"<p>Quito.-\u00a0Acorde a lo que establece la Ley Org\u00e1nica de Discapacidades, vigente en el pa\u00eds, la c\u00e9dula de ciudadan\u00eda es el \u00fanico documento habilitante que acredita la calificaci\u00f3n, registro y tipo de discapacidad. En este sentido, y a partir de la resoluci\u00f3n 002 del Consejo Nacional para la Igualdad de Discapacidades (Conadis), se extendi\u00f3 la vigencia [&hellip;]<\/p>\n","protected":false},"author":2,"featured_media":8853,"comment_status":"open","ping_status":"closed","sticky":false,"template":"","format":"standard","meta":{"_jetpack_memberships_contains_paid_content":false,"footnotes":""},"categories":[13],"tags":[1518,1517],"class_list":["post-8852","post","type-post","status-publish","format-standard","has-post-thumbnail","hentry","category-noticias-nacionales","tag-conadis","tag-consejo-nacional"],"jetpack_featured_media_url":"https:\/\/radiocresatelital.com\/wp-content\/uploads\/2023\/12\/IMG-20231215-WA0017.jpg","jetpack_sharing_enabled":true,"_links":{"self":[{"href":"https:\/\/radiocresatelital.com\/index.php?rest_route=\/wp\/v2\/posts\/8852","targetHints":{"allow":["GET"]}}],"collection":[{"href":"https:\/\/radiocresatelital.com\/index.php?rest_route=\/wp\/v2\/posts"}],"about":[{"href":"https:\/\/radiocresatelital.com\/index.php?rest_route=\/wp\/v2\/types\/post"}],"author":[{"embeddable":true,"href":"https:\/\/radiocresatelital.com\/index.php?rest_route=\/wp\/v2\/users\/2"}],"replies":[{"embeddable":true,"href":"https:\/\/radiocresatelital.com\/index.php?rest_route=%2Fwp%2Fv2%2Fcomments&post=8852"}],"version-history":[{"count":1,"href":"https:\/\/radiocresatelital.com\/index.php?rest_route=\/wp\/v2\/posts\/8852\/revisions"}],"predecessor-version":[{"id":8854,"href":"https:\/\/radiocresatelital.com\/index.php?rest_route=\/wp\/v2\/posts\/8852\/revisions\/8854"}],"wp:featuredmedia":[{"embeddable":true,"href":"https:\/\/radiocresatelital.com\/index.php?rest_route=\/wp\/v2\/media\/8853"}],"wp:attachment":[{"href":"https:\/\/radiocresatelital.com\/index.php?rest_route=%2Fwp%2Fv2%2Fmedia&parent=8852"}],"wp:term":[{"taxonomy":"category","embeddable":true,"href":"https:\/\/radiocresatelital.com\/index.php?rest_route=%2Fwp%2Fv2%2Fcategories&post=8852"},{"taxonomy":"post_tag","embeddable":true,"href":"https:\/\/radiocresatelital.com\/index.php?rest_route=%2Fwp%2Fv2%2Ftags&post=8852"}],"curies":[{"name":"wp","href":"https:\/\/api.w.org\/{rel}","templated":true}]}}