{"id":8849,"date":"2023-12-15T22:39:15","date_gmt":"2023-12-15T22:39:15","guid":{"rendered":"https:\/\/radiocresatelital.com\/?p=8849"},"modified":"2023-12-15T22:39:15","modified_gmt":"2023-12-15T22:39:15","slug":"ministro-luque-verifica-avance-de-obras-viales-y-portuarias-en-guayas-y-el-oro","status":"publish","type":"post","link":"https:\/\/radiocresatelital.com\/?p=8849","title":{"rendered":"Ministro Luque verifica avance de obras viales y portuarias en Guayas y El Oro"},"content":{"rendered":"<p>Guayas. \u2013 El ministro de Transporte y Obras P\u00fablicas, Roberto Luque junto con personal de la Concesionaria INTERV\u00cdAS S.A. realiz\u00f3 la inspecci\u00f3n del proyecto \u00abDise\u00f1o, financiamiento, rehabilitaci\u00f3n, ampliaci\u00f3n a 4 carriles, operaci\u00f3n y mantenimiento del corredor vial Naranjal \u2013 Tenguel\u00bb que une a las provincias de Guayas y El Oro.<\/p>\n<p>Como parte del contrato, la concesionaria ejecuta la construcci\u00f3n del peaje Jaime Rold\u00f3s Aguilera, la ampliaci\u00f3n a cuatro carriles desde el puente R\u00edo Chico de 3 km, aproximadamente. Estos trabajos se suman al avance de la construcci\u00f3n de los puentes Gala 1, Gala 2, Balao y Tenguel, colocaci\u00f3n de asfalto desde el km 32 al 34, ampliaci\u00f3n de la v\u00eda desde el km 30 al 37, entre otras obras que garantizan la conectividad y seguridad de quienes se desplazan por este corredor vial.<\/p>\n<p>Como parte de su agenda en territorio, en la provincia de El Oro recorri\u00f3 la v\u00eda Tenguel \u2013 R\u00edo Siete \u2013 Huaquillas y posteriormente se traslad\u00f3 a Puerto Bol\u00edvar donde verific\u00f3 el avance de la construcci\u00f3n del Muelle 6 que fortalecer\u00e1 la llegada de embarcaciones de tipo s\u00faper post panamax (399 metros de eslora).<\/p>\n<p>Finalmente, el ministro Luque mantuvo una entrevista en Diario Correo de Machala donde dio a conocer los proyectos viales que se ejecutan en territorio orense y destac\u00f3 la importancia del proyecto de la Ley Econ\u00f3mica Urgente que est\u00e1 en debate en la Asamblea Nacional.<\/p>\n<p>Como parte del Gobierno del presidente Daniel Noboa, desde el Ministerio de Transporte y Obras P\u00fablicas, trabajamos para fortalecer la econom\u00eda y el desarrollo nacional en beneficio de todo un pa\u00eds.<\/p>\n","protected":false},"excerpt":{"rendered":"<p>Guayas. \u2013 El ministro de Transporte y Obras P\u00fablicas, Roberto Luque junto con personal de la Concesionaria INTERV\u00cdAS S.A. realiz\u00f3 la inspecci\u00f3n del proyecto \u00abDise\u00f1o, financiamiento, rehabilitaci\u00f3n, ampliaci\u00f3n a 4 carriles, operaci\u00f3n y mantenimiento del corredor vial Naranjal \u2013 Tenguel\u00bb que une a las provincias de Guayas y El Oro. Como parte del contrato, la [&hellip;]<\/p>\n","protected":false},"author":2,"featured_media":8850,"comment_status":"open","ping_status":"closed","sticky":false,"template":"","format":"standard","meta":{"_jetpack_memberships_contains_paid_content":false,"footnotes":""},"categories":[13],"tags":[1393,1394],"class_list":["post-8849","post","type-post","status-publish","format-standard","has-post-thumbnail","hentry","category-noticias-nacionales","tag-ministro-de-transporte-y-obras-publicas","tag-roberto-luque"],"jetpack_featured_media_url":"https:\/\/radiocresatelital.com\/wp-content\/uploads\/2023\/12\/Foto-BP.-No-9.jpg","jetpack_sharing_enabled":true,"_links":{"self":[{"href":"https:\/\/radiocresatelital.com\/index.php?rest_route=\/wp\/v2\/posts\/8849","targetHints":{"allow":["GET"]}}],"collection":[{"href":"https:\/\/radiocresatelital.com\/index.php?rest_route=\/wp\/v2\/posts"}],"about":[{"href":"https:\/\/radiocresatelital.com\/index.php?rest_route=\/wp\/v2\/types\/post"}],"author":[{"embeddable":true,"href":"https:\/\/radiocresatelital.com\/index.php?rest_route=\/wp\/v2\/users\/2"}],"replies":[{"embeddable":true,"href":"https:\/\/radiocresatelital.com\/index.php?rest_route=%2Fwp%2Fv2%2Fcomments&post=8849"}],"version-history":[{"count":1,"href":"https:\/\/radiocresatelital.com\/index.php?rest_route=\/wp\/v2\/posts\/8849\/revisions"}],"predecessor-version":[{"id":8851,"href":"https:\/\/radiocresatelital.com\/index.php?rest_route=\/wp\/v2\/posts\/8849\/revisions\/8851"}],"wp:featuredmedia":[{"embeddable":true,"href":"https:\/\/radiocresatelital.com\/index.php?rest_route=\/wp\/v2\/media\/8850"}],"wp:attachment":[{"href":"https:\/\/radiocresatelital.com\/index.php?rest_route=%2Fwp%2Fv2%2Fmedia&parent=8849"}],"wp:term":[{"taxonomy":"category","embeddable":true,"href":"https:\/\/radiocresatelital.com\/index.php?rest_route=%2Fwp%2Fv2%2Fcategories&post=8849"},{"taxonomy":"post_tag","embeddable":true,"href":"https:\/\/radiocresatelital.com\/index.php?rest_route=%2Fwp%2Fv2%2Ftags&post=8849"}],"curies":[{"name":"wp","href":"https:\/\/api.w.org\/{rel}","templated":true}]}}