{"id":8842,"date":"2023-12-15T22:20:29","date_gmt":"2023-12-15T22:20:29","guid":{"rendered":"https:\/\/radiocresatelital.com\/?p=8842"},"modified":"2023-12-15T22:20:59","modified_gmt":"2023-12-15T22:20:59","slug":"mesa-de-seguridad-vial-reforzara-controles-en-peajes-de-vias-concesionadas","status":"publish","type":"post","link":"https:\/\/radiocresatelital.com\/?p=8842","title":{"rendered":"Mesa de Seguridad Vial reforzar\u00e1 controles en peajes de v\u00edas concesionadas"},"content":{"rendered":"<p><span style=\"font-weight: 400;\">Guayaquil.- En el edificio de la Prefectura Ciudadana del Guayas se instal\u00f3, la Mesa de Seguridad Vial, que estableci\u00f3 acciones concretas para combatir la inseguridad en los puntos m\u00e1s cr\u00edticos de las v\u00edas concesionadas de la provincia.<\/span><\/p>\n<p><span style=\"font-weight: 400;\">El encuentro fue convocado por la prefecta Marcela Agui\u00f1aga. Del lado de Prefectura Ciudadana del Guayas, participaron Johan Coronel, coordinador de Gesti\u00f3n de Riesgos y Seguridad; y el director de Concesiones, Joffre Jalil. A ellos se sumaron delegados de la Gobernaci\u00f3n del Guayas, Polic\u00eda Nacional, Fuerzas Armadas, Comisi\u00f3n de Tr\u00e1nsito del Ecuador (CTE), ECU 911, Servicio de Investigaci\u00f3n de Accidentes de Tr\u00e1nsito (SIAT), y las concesionarias viales Conorte y Concegua.<\/span><\/p>\n<p><span style=\"font-weight: 400;\">\u201cLo que estamos tratando de hacer es sumar esfuerzos para poder articular acciones y poder dar una respuesta ante la inseguridad que tenemos en las v\u00edas\u201d, mencion\u00f3 Coronel, al t\u00e9rmino del encuentro que se prolong\u00f3 por dos horas.<\/span><\/p>\n<p><span style=\"font-weight: 400;\">En lo inmediato, se habilitar\u00e1n al menos cinco Puestos M\u00f3viles de Seguridad Vial, que funcionar\u00e1n las 24 horas del d\u00eda. Para tal efecto, las concesionarias viales se comprometieron a instalar contenedores climatizados para los elementos uniformados que destinar\u00e1 la Polic\u00eda Nacional para las v\u00edas consideradas de mayor conflictividad. Entre ellas est\u00e1n las carreteras a Naranjal, Dur\u00e1n-Tambo, Puente Alterno Norte (PAN) y Balzar-El Empalme.<\/span><\/p>\n<p><span style=\"font-weight: 400;\">En ese sentido, la Polic\u00eda Nacional adquiri\u00f3 el compromiso de \u201crevisar al personal que pueda asignar ya y empezar operativamente para trabajar y estar instalados en algunos de los peajes donde tenemos la mayor incidencia de eventos delictivos en las v\u00edas de la provincia\u201d.<\/span><\/p>\n<p><span style=\"font-weight: 400;\">Mientras que la Gobernaci\u00f3n del Guayas coordinar\u00e1 que se generen operativos interinstitucionales para combatir temas de narcotr\u00e1fico, porte o tr\u00e1fico de armas, contrabando, miner\u00eda ilegal, entre otros, con el concurso de todas las instituciones que participaron en el encuentro de este viernes.<\/span><\/p>\n<p><span style=\"font-weight: 400;\">Adem\u00e1s, la CTE y las FF.AA. realizar\u00e1n operativos en las v\u00edas para el control de armas y de tr\u00e1nsito, y al ECU 911 se le solicit\u00f3 tecnolog\u00eda que permita revisar las placas de los automotores en los peajes, a fin de detectar veh\u00edculos robados o en investigaciones.<\/span><\/p>\n","protected":false},"excerpt":{"rendered":"<p>Guayaquil.- En el edificio de la Prefectura Ciudadana del Guayas se instal\u00f3, la Mesa de Seguridad Vial, que estableci\u00f3 acciones concretas para combatir la inseguridad en los puntos m\u00e1s cr\u00edticos de las v\u00edas concesionadas de la provincia. El encuentro fue convocado por la prefecta Marcela Agui\u00f1aga. Del lado de Prefectura Ciudadana del Guayas, participaron Johan [&hellip;]<\/p>\n","protected":false},"author":2,"featured_media":8843,"comment_status":"open","ping_status":"closed","sticky":false,"template":"","format":"standard","meta":{"_jetpack_memberships_contains_paid_content":false,"footnotes":""},"categories":[13],"tags":[415],"class_list":["post-8842","post","type-post","status-publish","format-standard","has-post-thumbnail","hentry","category-noticias-nacionales","tag-prefectura-ciudadana-del-guayas"],"jetpack_featured_media_url":"https:\/\/radiocresatelital.com\/wp-content\/uploads\/2023\/12\/IMG_6167-scaled.jpg","jetpack_sharing_enabled":true,"_links":{"self":[{"href":"https:\/\/radiocresatelital.com\/index.php?rest_route=\/wp\/v2\/posts\/8842","targetHints":{"allow":["GET"]}}],"collection":[{"href":"https:\/\/radiocresatelital.com\/index.php?rest_route=\/wp\/v2\/posts"}],"about":[{"href":"https:\/\/radiocresatelital.com\/index.php?rest_route=\/wp\/v2\/types\/post"}],"author":[{"embeddable":true,"href":"https:\/\/radiocresatelital.com\/index.php?rest_route=\/wp\/v2\/users\/2"}],"replies":[{"embeddable":true,"href":"https:\/\/radiocresatelital.com\/index.php?rest_route=%2Fwp%2Fv2%2Fcomments&post=8842"}],"version-history":[{"count":1,"href":"https:\/\/radiocresatelital.com\/index.php?rest_route=\/wp\/v2\/posts\/8842\/revisions"}],"predecessor-version":[{"id":8844,"href":"https:\/\/radiocresatelital.com\/index.php?rest_route=\/wp\/v2\/posts\/8842\/revisions\/8844"}],"wp:featuredmedia":[{"embeddable":true,"href":"https:\/\/radiocresatelital.com\/index.php?rest_route=\/wp\/v2\/media\/8843"}],"wp:attachment":[{"href":"https:\/\/radiocresatelital.com\/index.php?rest_route=%2Fwp%2Fv2%2Fmedia&parent=8842"}],"wp:term":[{"taxonomy":"category","embeddable":true,"href":"https:\/\/radiocresatelital.com\/index.php?rest_route=%2Fwp%2Fv2%2Fcategories&post=8842"},{"taxonomy":"post_tag","embeddable":true,"href":"https:\/\/radiocresatelital.com\/index.php?rest_route=%2Fwp%2Fv2%2Ftags&post=8842"}],"curies":[{"name":"wp","href":"https:\/\/api.w.org\/{rel}","templated":true}]}}