{"id":8839,"date":"2023-12-15T22:15:28","date_gmt":"2023-12-15T22:15:28","guid":{"rendered":"https:\/\/radiocresatelital.com\/?p=8839"},"modified":"2023-12-15T22:15:28","modified_gmt":"2023-12-15T22:15:28","slug":"gobierno-y-municipio-trazan-hoja-de-ruta-para-la-seguridad-de-guayaquil","status":"publish","type":"post","link":"https:\/\/radiocresatelital.com\/?p=8839","title":{"rendered":"Gobierno y Municipio trazan hoja de ruta para la seguridad de Guayaquil"},"content":{"rendered":"<p>Guayaquil.- Se concreta la primera reuni\u00f3n entre Ministerio del Interior y la Alcald\u00eda para articular acciones enfocadas en atender la inseguridad de la ciudad. Seg\u00fan el alcalde, este encuentro ha servido para convocar a las distintas instituciones y abordar de forma integral la violencia en la ciudad.<\/p>\n<p>Luego de los primeros 30 d\u00edas del nuevo Gobierno, el viceministro del de Interior, Lyonel Calder\u00f3n, se reuni\u00f3 este viernes 15 de diciembre con representantes del Municipio de Guayaquil para trazar una estrategia conjunta en el combate contra la delincuencia en la ciudad puerto de 2,7 millones de habitantes.<\/p>\n<p>La cita se dio en la Gobernaci\u00f3n del Guayas. Por parte del Municipio estuvieron: el alcalde Aquiles Alvarez, el concejal Ra\u00fal<br \/>\nCh\u00e1vez, el asesor Alfredo Parra, Andr\u00e9s Sandoval, gerente de la Empresa P\u00fablica Municipal para la Gesti\u00f3n de Riesgos y Control de Seguridad de Guayaquil (Segura EP); Shuber Urgil\u00e9s, Director de Justicia y Vigilancia; Jos\u00e9 Franco, Gerente de la Autoridad de Tr\u00e1nsito Municipal (ATM) y Camilo Sam\u00e1n, Gerente la EP Acci\u00f3n Social y Educaci\u00f3n (Dase).<\/p>\n<p>Tambi\u00e9n acudieron representantes de la Polic\u00eda Nacional, que pidieron al Gobierno retomar el proyecto de Polic\u00eda Escolar, que busca ejecutar varias acciones en planteles educativos, como una suerte de blindaje para que los menores no sean reclutados por las bandas delictivas..<\/p>\n<p>Seg\u00fan el alcalde, la reuni\u00f3n ha servido para convocar a las distintas instituciones y abordar de forma integral la violencia en Guayaquil. Por ejemplo, las acciones interministeriales (Ministerio de Salud, Educaci\u00f3n, Gobierno, Interior, Inclusi\u00f3n Econ\u00f3mica y Social), as\u00ed como de actores clave como la banca privada, aduanas y Servicio de Rentas Internas (SRI). Se trata<br \/>\n-seg\u00fan las autoridades- de cercar definitivamente lo que los expertos llaman la \u201ceconom\u00eda criminal\u201d.<\/p>\n<p>Esto se traduce en frenar definitivamente acciones como terrorismo, lavado de dinero, cobro por servicios p\u00fablicos, secuestro, tr\u00e1fico de armas, extorsi\u00f3n, sicariato, narcotr\u00e1fico y mercados ilegales.<\/p>\n<p>Se ahond\u00f3 en la parte social. El viceministro y el alcalde coincidieron en reforzar un plan para evitar que m\u00e1s menores de edad se unan a las organizaciones delictivas. \u201cLa guerra debe ser atacar el reclutamiento\u201d, se\u00f1al\u00f3 el viceministro.<\/p>\n<p>La Polic\u00eda insisti\u00f3 en tener una nueva log\u00edstica para combatir al crimen organizado. Eso significa camionetas blindadas para ingresar a territorios considerados altamente conflictivos. Y el viceministro respondi\u00f3 que ya hay un proyecto en marcha desde el Gobierno para la adquisici\u00f3n de estos veh\u00edculos.<\/p>\n<p>\u201cEstas mesas de trabajo entre Municipio y Gobierno central, para abordar los temas de seguridad en Guayaquil, deben ser constantes. Tienen todo nuestro respaldo como Municipio; colaboraremos de forma permanente con nuestros recursos y la estructura que tenemos, como las 34 mil c\u00e1maras de nuestro Centro de Monitoreo\u201d, dijo el alcalde.<\/p>\n<p>Ante ello, una mesa t\u00e9cnica quedar\u00e1 instalada de forma permanente y se reunir\u00e1 cada semana para dar seguimiento a los compromisos asumidos.<\/p>\n<p>Uno de los compromisos principales es la construcci\u00f3n, por parte del Municipio, de una infraestructura que le sirva a la Polic\u00eda Nacional para mejorar la habitabilidad de los agentes policiales. \u201cD\u00edganos qu\u00e9 necesitan y nosotros nos encargamos\u201d, dijo el alcalde al jefe policial presente. \u201cSe priorizar\u00e1 la construcci\u00f3n de cuarteles para que puedan vivir en las zonas\u201d, precis\u00f3 el viceministro.<\/p>\n<p>\u201cM\u00e1s all\u00e1 de lo que podamos ofrecer, requerimos conocer qu\u00e9 necesitan para trabajar en articulaci\u00f3n con unidades en lo social y educativo, como la DASE para intervenir los sectores que sean necesarios\u201d, precis\u00f3 el alcalde.<\/p>\n","protected":false},"excerpt":{"rendered":"<p>Guayaquil.- Se concreta la primera reuni\u00f3n entre Ministerio del Interior y la Alcald\u00eda para articular acciones enfocadas en atender la inseguridad de la ciudad. Seg\u00fan el alcalde, este encuentro ha servido para convocar a las distintas instituciones y abordar de forma integral la violencia en la ciudad. Luego de los primeros 30 d\u00edas del nuevo [&hellip;]<\/p>\n","protected":false},"author":2,"featured_media":8840,"comment_status":"open","ping_status":"closed","sticky":false,"template":"","format":"standard","meta":{"_jetpack_memberships_contains_paid_content":false,"footnotes":""},"categories":[13],"tags":[157,114],"class_list":["post-8839","post","type-post","status-publish","format-standard","has-post-thumbnail","hentry","category-noticias-nacionales","tag-gobierno-nacional","tag-municipio-de-guayaquil"],"jetpack_featured_media_url":"https:\/\/radiocresatelital.com\/wp-content\/uploads\/2023\/12\/Eje-seguridad-ciudadana-municipio-guayaquil-va-rescate-urdesa.jpg","jetpack_sharing_enabled":true,"_links":{"self":[{"href":"https:\/\/radiocresatelital.com\/index.php?rest_route=\/wp\/v2\/posts\/8839","targetHints":{"allow":["GET"]}}],"collection":[{"href":"https:\/\/radiocresatelital.com\/index.php?rest_route=\/wp\/v2\/posts"}],"about":[{"href":"https:\/\/radiocresatelital.com\/index.php?rest_route=\/wp\/v2\/types\/post"}],"author":[{"embeddable":true,"href":"https:\/\/radiocresatelital.com\/index.php?rest_route=\/wp\/v2\/users\/2"}],"replies":[{"embeddable":true,"href":"https:\/\/radiocresatelital.com\/index.php?rest_route=%2Fwp%2Fv2%2Fcomments&post=8839"}],"version-history":[{"count":1,"href":"https:\/\/radiocresatelital.com\/index.php?rest_route=\/wp\/v2\/posts\/8839\/revisions"}],"predecessor-version":[{"id":8841,"href":"https:\/\/radiocresatelital.com\/index.php?rest_route=\/wp\/v2\/posts\/8839\/revisions\/8841"}],"wp:featuredmedia":[{"embeddable":true,"href":"https:\/\/radiocresatelital.com\/index.php?rest_route=\/wp\/v2\/media\/8840"}],"wp:attachment":[{"href":"https:\/\/radiocresatelital.com\/index.php?rest_route=%2Fwp%2Fv2%2Fmedia&parent=8839"}],"wp:term":[{"taxonomy":"category","embeddable":true,"href":"https:\/\/radiocresatelital.com\/index.php?rest_route=%2Fwp%2Fv2%2Fcategories&post=8839"},{"taxonomy":"post_tag","embeddable":true,"href":"https:\/\/radiocresatelital.com\/index.php?rest_route=%2Fwp%2Fv2%2Ftags&post=8839"}],"curies":[{"name":"wp","href":"https:\/\/api.w.org\/{rel}","templated":true}]}}