{"id":8836,"date":"2023-12-15T21:59:23","date_gmt":"2023-12-15T21:59:23","guid":{"rendered":"https:\/\/radiocresatelital.com\/?p=8836"},"modified":"2023-12-15T21:59:23","modified_gmt":"2023-12-15T21:59:23","slug":"ministerio-de-gobierno-realiza-taller-sobre-legalizacion-de-organizaciones-religiosas","status":"publish","type":"post","link":"https:\/\/radiocresatelital.com\/?p=8836","title":{"rendered":"Ministerio de Gobierno realiza taller sobre legalizaci\u00f3n de organizaciones religiosas"},"content":{"rendered":"<p>Quito.- La Subsecretar\u00eda de Cultos de esta Cartera de Estado realiz\u00f3 un taller con delegados de la Federaci\u00f3n de Iglesias Ind\u00edgenas Evang\u00e9licas Residentes en Pichincha (FIERPI) sobre la normativa de legalizaci\u00f3n de organizaciones religiosas en el pa\u00eds.<\/p>\n<p>Las autoridades informaron sobre los requisitos que los movimientos religiosos deben presentar para su legitimaci\u00f3n, entre ellos: los nombramientos de las directivas, la elaboraci\u00f3n de estatutos, entre otros.<\/p>\n<p>El subsecretario de Cultos, Francisco Mendoza, resalt\u00f3 la importancia del respeto a la normativa vigente en materia de cultos e inst\u00f3 a las organizaciones a la regularizaci\u00f3n, con el fin de fomentar un funcionamiento organizado, de acuerdo a la Ley.<\/p>\n<p>\u201cTodas las organizaciones religiosas deben cumplir un proceso de regularizaci\u00f3n, con el fin de generar una pol\u00edtica p\u00fablica participativa que beneficie a los ecuatorianos,\u201d dijo el funcionario.<\/p>\n<p>Nancy Palomo, presidenta de FIERPI, se\u00f1al\u00f3 que este organismo cuenta con una organizaci\u00f3n interna y est\u00e1 conformada por misiones y m\u00e1s de 80 iglesias en Pichincha. \u201cLos di\u00e1logos facilitan el seguimiento de los requisitos de nuestras organizaciones,\u201d expres\u00f3.<\/p>\n<p>El Pacto Nacional por la Libertad de Religi\u00f3n tiene como prop\u00f3sito estrechar las relaciones entre el Estado y las organizaciones religiosas para garantizar la libertad de culto, creencia y conciencia en un ambiente de pluralidad, respeto y convivencia pac\u00edfica.<\/p>\n","protected":false},"excerpt":{"rendered":"<p>Quito.- La Subsecretar\u00eda de Cultos de esta Cartera de Estado realiz\u00f3 un taller con delegados de la Federaci\u00f3n de Iglesias Ind\u00edgenas Evang\u00e9licas Residentes en Pichincha (FIERPI) sobre la normativa de legalizaci\u00f3n de organizaciones religiosas en el pa\u00eds. Las autoridades informaron sobre los requisitos que los movimientos religiosos deben presentar para su legitimaci\u00f3n, entre ellos: los [&hellip;]<\/p>\n","protected":false},"author":2,"featured_media":8837,"comment_status":"open","ping_status":"closed","sticky":false,"template":"","format":"standard","meta":{"_jetpack_memberships_contains_paid_content":false,"footnotes":""},"categories":[13],"tags":[1516],"class_list":["post-8836","post","type-post","status-publish","format-standard","has-post-thumbnail","hentry","category-noticias-nacionales","tag-fierpi"],"jetpack_featured_media_url":"https:\/\/radiocresatelital.com\/wp-content\/uploads\/2023\/12\/WhatsApp-Image-2023-12-15-at-10.44.52.jpeg","jetpack_sharing_enabled":true,"_links":{"self":[{"href":"https:\/\/radiocresatelital.com\/index.php?rest_route=\/wp\/v2\/posts\/8836","targetHints":{"allow":["GET"]}}],"collection":[{"href":"https:\/\/radiocresatelital.com\/index.php?rest_route=\/wp\/v2\/posts"}],"about":[{"href":"https:\/\/radiocresatelital.com\/index.php?rest_route=\/wp\/v2\/types\/post"}],"author":[{"embeddable":true,"href":"https:\/\/radiocresatelital.com\/index.php?rest_route=\/wp\/v2\/users\/2"}],"replies":[{"embeddable":true,"href":"https:\/\/radiocresatelital.com\/index.php?rest_route=%2Fwp%2Fv2%2Fcomments&post=8836"}],"version-history":[{"count":1,"href":"https:\/\/radiocresatelital.com\/index.php?rest_route=\/wp\/v2\/posts\/8836\/revisions"}],"predecessor-version":[{"id":8838,"href":"https:\/\/radiocresatelital.com\/index.php?rest_route=\/wp\/v2\/posts\/8836\/revisions\/8838"}],"wp:featuredmedia":[{"embeddable":true,"href":"https:\/\/radiocresatelital.com\/index.php?rest_route=\/wp\/v2\/media\/8837"}],"wp:attachment":[{"href":"https:\/\/radiocresatelital.com\/index.php?rest_route=%2Fwp%2Fv2%2Fmedia&parent=8836"}],"wp:term":[{"taxonomy":"category","embeddable":true,"href":"https:\/\/radiocresatelital.com\/index.php?rest_route=%2Fwp%2Fv2%2Fcategories&post=8836"},{"taxonomy":"post_tag","embeddable":true,"href":"https:\/\/radiocresatelital.com\/index.php?rest_route=%2Fwp%2Fv2%2Ftags&post=8836"}],"curies":[{"name":"wp","href":"https:\/\/api.w.org\/{rel}","templated":true}]}}