{"id":8810,"date":"2023-12-15T03:43:45","date_gmt":"2023-12-15T03:43:45","guid":{"rendered":"https:\/\/radiocresatelital.com\/?p=8810"},"modified":"2023-12-15T03:43:45","modified_gmt":"2023-12-15T03:43:45","slug":"movistar-best-pc-rumbo-a-costa-rica-con-sus-nuevas-contrataciones","status":"publish","type":"post","link":"https:\/\/radiocresatelital.com\/?p=8810","title":{"rendered":"Movistar Best PC rumbo a Costa Rica con sus nuevas contrataciones"},"content":{"rendered":"<p>Quito.- La formaci\u00f3n del Movistar Best PC se desplaz\u00f3 desde Quito, a San Jos\u00e9 para el inicio de la Vuelta a Costa Rica, que se cumplir\u00e1 entre el s\u00e1bado 16 y lunes 25 de diciembre.<\/p>\n<p>El equipo dirigido por Anderson Padilla ser\u00e1 liderado por Byron Guam\u00e1 y tendr\u00e1 la presencia de dos de sus nuevas incorporaciones: Brayan Obando y Luis Monteros, ambos de categor\u00eda Sub 23.<\/p>\n<p>Obando, de 22 a\u00f1os, es carchense. Es bicampe\u00f3n de la Vuelta a la Juventud (2018 y 2019). Tiene experiencia en equipos de Colombia y una pasant\u00eda en Espa\u00f1a.<\/p>\n<p>Monteros, por su lado, es de Cayambe. A sus 20 a\u00f1os se ha colgado la medalla de bronce en la Vuelta a la Juventud y en la pasada edici\u00f3n de la Vuelta al Ecuador fue galardonado, en la tercera etapa, como el ciclista m\u00e1s combativo.<\/p>\n<p>A ellos se suman los experimentados Santiago Montenegro, Richard Huera, Pablo Caicedo y el colombiano Juan Diego Alba, todos con sus contratos renovados para la temporada 2024.<\/p>\n<p>\u201cS\u00e9 lo que es esta Vuelta. Espero ganar una o dos etapas y disputar la clasificaci\u00f3n de la monta\u00f1a\u201d, dijo el \u2018Santy\u2019 Montenegro, quien llega de ponerse a punto en Guatemala.<\/p>\n<p>Para Juan Diego Alba ser\u00e1 su primera participaci\u00f3n en el giro \u2018Tico\u2019. \u201cEsperamos cerrar el a\u00f1o haciendo un buen papel\u201d, dijo el nacido en Tuta y con experiencia en el World Tour.<\/p>\n<p><strong>N\u00d3MINA VUELTA A COSTA RICA<\/strong><\/p>\n<p>Byron Guam\u00e1<\/p>\n<p>Santiago Montenegro<\/p>\n<p>Juan Diego Alba (COL)<\/p>\n<p>Richard Huera<\/p>\n<p>Pablo Caicedo<\/p>\n<p>Brayan Obando (Sub 23)<\/p>\n<p>Luis Monteros (Sub 23)<\/p>\n","protected":false},"excerpt":{"rendered":"<p>Quito.- La formaci\u00f3n del Movistar Best PC se desplaz\u00f3 desde Quito, a San Jos\u00e9 para el inicio de la Vuelta a Costa Rica, que se cumplir\u00e1 entre el s\u00e1bado 16 y lunes 25 de diciembre. El equipo dirigido por Anderson Padilla ser\u00e1 liderado por Byron Guam\u00e1 y tendr\u00e1 la presencia de dos de sus nuevas [&hellip;]<\/p>\n","protected":false},"author":2,"featured_media":8811,"comment_status":"open","ping_status":"closed","sticky":false,"template":"","format":"standard","meta":{"_jetpack_memberships_contains_paid_content":false,"footnotes":""},"categories":[120,9],"tags":[1029],"class_list":["post-8810","post","type-post","status-publish","format-standard","has-post-thumbnail","hentry","category-ciclismo","category-deportes","tag-movistar-best-pc"],"jetpack_featured_media_url":"https:\/\/radiocresatelital.com\/wp-content\/uploads\/2023\/12\/409192410_1289621765264356_2015838987643153908_n.jpg","jetpack_sharing_enabled":true,"_links":{"self":[{"href":"https:\/\/radiocresatelital.com\/index.php?rest_route=\/wp\/v2\/posts\/8810","targetHints":{"allow":["GET"]}}],"collection":[{"href":"https:\/\/radiocresatelital.com\/index.php?rest_route=\/wp\/v2\/posts"}],"about":[{"href":"https:\/\/radiocresatelital.com\/index.php?rest_route=\/wp\/v2\/types\/post"}],"author":[{"embeddable":true,"href":"https:\/\/radiocresatelital.com\/index.php?rest_route=\/wp\/v2\/users\/2"}],"replies":[{"embeddable":true,"href":"https:\/\/radiocresatelital.com\/index.php?rest_route=%2Fwp%2Fv2%2Fcomments&post=8810"}],"version-history":[{"count":1,"href":"https:\/\/radiocresatelital.com\/index.php?rest_route=\/wp\/v2\/posts\/8810\/revisions"}],"predecessor-version":[{"id":8812,"href":"https:\/\/radiocresatelital.com\/index.php?rest_route=\/wp\/v2\/posts\/8810\/revisions\/8812"}],"wp:featuredmedia":[{"embeddable":true,"href":"https:\/\/radiocresatelital.com\/index.php?rest_route=\/wp\/v2\/media\/8811"}],"wp:attachment":[{"href":"https:\/\/radiocresatelital.com\/index.php?rest_route=%2Fwp%2Fv2%2Fmedia&parent=8810"}],"wp:term":[{"taxonomy":"category","embeddable":true,"href":"https:\/\/radiocresatelital.com\/index.php?rest_route=%2Fwp%2Fv2%2Fcategories&post=8810"},{"taxonomy":"post_tag","embeddable":true,"href":"https:\/\/radiocresatelital.com\/index.php?rest_route=%2Fwp%2Fv2%2Ftags&post=8810"}],"curies":[{"name":"wp","href":"https:\/\/api.w.org\/{rel}","templated":true}]}}