{"id":8724,"date":"2023-12-14T03:51:36","date_gmt":"2023-12-14T03:51:36","guid":{"rendered":"https:\/\/radiocresatelital.com\/?p=8724"},"modified":"2023-12-14T03:59:07","modified_gmt":"2023-12-14T03:59:07","slug":"bsc-caminara-al-mejor-futuro-posible-antonio-alvarez-presidente-amarillo","status":"publish","type":"post","link":"https:\/\/radiocresatelital.com\/?p=8724","title":{"rendered":"BSC caminar\u00e1 al mejor futuro posible, Antonio \u00c1lvarez Presidente Amarillo"},"content":{"rendered":"<p>Guayaquil.- El Directorio del Barcelona Sporting Club (BSC) para el per\u00edodo 2023-2027, presidido por Antonio \u00c1lvarez, inicia con una proyecci\u00f3n de llevar al club al mejor futuro posible.<\/p>\n<p>En un acto, desarrollado la tarde de este mi\u00e9rcoles, se resalt\u00f3 y agradeci\u00f3 la labor realizada por la anterior administraci\u00f3n, liderada por Alfaro Moreno.<\/p>\n<p>Asimismo, se destac\u00f3 la visi\u00f3n del nuevo equipo de trabajo, cuyo plan estrat\u00e9gico est\u00e1 alineado en cinco ejes: deportivo, institucional, financiero, socios y marketing. \u201cEstamos aqu\u00ed, porque Dios as\u00ed lo quiso y con su ayuda pelearemos por ser campeones de Am\u00e9rica y seguir buscando t\u00edtulos nacionales. Necesitamos una copa internacional y estamos aqu\u00ed para pelearla. Invertiremos con responsabilidad, porque somos conscientes que para buscar cosas grandes en la vida hay que invertir. No solo administrar el centavo, hay que financiar al equipo generando, con gesti\u00f3n\u201d. asegur\u00f3 \u00c1lvarez.<\/p>\n<p>Adem\u00e1s, agradeci\u00f3 el apoyo de m\u00e1s de 1,200 socios, quienes participaron y conocieron, a trav\u00e9s de reuniones, conversatorios y en el estadio, la propuesta que impulsa esta nueva directiva, \u201cgracias por su respaldo y a los que no, no se preocupen que cuando ganemos copas juntos, la celebramos juntos tambi\u00e9n. Porque Barcelona somos todos\u201d.<\/p>\n<p>Durante su discurso, Antonio Alvarez se comprometi\u00f3, c\u00f3mo presidente y administrador, a defender el club con altivez y honor, siempre trabajando en construir un Barcelona que haga historia y rompa paradigmas, \u201ces tiempo de un punto de inflexi\u00f3n en la historia y buscar la copa internacional que tanto hemos luchado\u201d.<\/p>\n<p>En el evento, estuvieron presentes varios dirigentes y expresidentes de la instituci\u00f3n canaria, entre ellos Octavio Hern\u00e1ndez Valarezo y Alfonso Harb Viteri, quienes auguraron \u00e9xitos a la nueva administraci\u00f3n.<\/p>\n","protected":false},"excerpt":{"rendered":"<p>Guayaquil.- El Directorio del Barcelona Sporting Club (BSC) para el per\u00edodo 2023-2027, presidido por Antonio \u00c1lvarez, inicia con una proyecci\u00f3n de llevar al club al mejor futuro posible. En un acto, desarrollado la tarde de este mi\u00e9rcoles, se resalt\u00f3 y agradeci\u00f3 la labor realizada por la anterior administraci\u00f3n, liderada por Alfaro Moreno. Asimismo, se destac\u00f3 [&hellip;]<\/p>\n","protected":false},"author":2,"featured_media":8726,"comment_status":"open","ping_status":"closed","sticky":false,"template":"","format":"standard","meta":{"_jetpack_memberships_contains_paid_content":false,"footnotes":""},"categories":[626,73],"tags":[1198,459],"class_list":["post-8724","post","type-post","status-publish","format-standard","has-post-thumbnail","hentry","category-futbol-nacional","category-liga-pro","tag-antonio-alvarez","tag-barcelona"],"jetpack_featured_media_url":"https:\/\/radiocresatelital.com\/wp-content\/uploads\/2023\/12\/GBQwubSXcAAPVXr.jpeg","jetpack_sharing_enabled":true,"_links":{"self":[{"href":"https:\/\/radiocresatelital.com\/index.php?rest_route=\/wp\/v2\/posts\/8724","targetHints":{"allow":["GET"]}}],"collection":[{"href":"https:\/\/radiocresatelital.com\/index.php?rest_route=\/wp\/v2\/posts"}],"about":[{"href":"https:\/\/radiocresatelital.com\/index.php?rest_route=\/wp\/v2\/types\/post"}],"author":[{"embeddable":true,"href":"https:\/\/radiocresatelital.com\/index.php?rest_route=\/wp\/v2\/users\/2"}],"replies":[{"embeddable":true,"href":"https:\/\/radiocresatelital.com\/index.php?rest_route=%2Fwp%2Fv2%2Fcomments&post=8724"}],"version-history":[{"count":3,"href":"https:\/\/radiocresatelital.com\/index.php?rest_route=\/wp\/v2\/posts\/8724\/revisions"}],"predecessor-version":[{"id":8728,"href":"https:\/\/radiocresatelital.com\/index.php?rest_route=\/wp\/v2\/posts\/8724\/revisions\/8728"}],"wp:featuredmedia":[{"embeddable":true,"href":"https:\/\/radiocresatelital.com\/index.php?rest_route=\/wp\/v2\/media\/8726"}],"wp:attachment":[{"href":"https:\/\/radiocresatelital.com\/index.php?rest_route=%2Fwp%2Fv2%2Fmedia&parent=8724"}],"wp:term":[{"taxonomy":"category","embeddable":true,"href":"https:\/\/radiocresatelital.com\/index.php?rest_route=%2Fwp%2Fv2%2Fcategories&post=8724"},{"taxonomy":"post_tag","embeddable":true,"href":"https:\/\/radiocresatelital.com\/index.php?rest_route=%2Fwp%2Fv2%2Ftags&post=8724"}],"curies":[{"name":"wp","href":"https:\/\/api.w.org\/{rel}","templated":true}]}}