{"id":8651,"date":"2023-12-12T22:53:38","date_gmt":"2023-12-12T22:53:38","guid":{"rendered":"https:\/\/radiocresatelital.com\/?p=8651"},"modified":"2023-12-12T22:53:38","modified_gmt":"2023-12-12T22:53:38","slug":"augusto-aragon-pitara-una-nueva-final-de-liga-pro","status":"publish","type":"post","link":"https:\/\/radiocresatelital.com\/?p=8651","title":{"rendered":"Augusto Arag\u00f3n pitar\u00e1 una nueva final de Liga Pro"},"content":{"rendered":"<p>Guayaquil.- La Comisi\u00f3n Nacional de Arbitraje, ha dado a conocer la lista de jueces y asistentes que estar\u00e1n dirigiendo la final de Liga Pro a jugarse en el Estadio \u00abRodrigo Paz Delgado\u00bb, este domingo 17 de Diciembre desde las 16h30 locales (21h30 GMT).<\/p>\n<p>Arag\u00f3n tiene 37 a\u00f1os de edad, es oriundo de Esmeraldas y es el segundo \u00e1rbitro esmeralde\u00f1o en la historia del arbitraje ecuatoriano en obtener la escarapela FIFA, despu\u00e9s de Segundo Jackson D\u00edaz.<\/p>\n<p>Ha dirigido varios partidos nacionales e internacionales,<span style=\"font-size: 13.3333px;\"> debutando en el 2017 <\/span>\u00a0y obteniendo su escarapela FIFA en el a\u00f1o 2020,<sup id=\"cite_ref-4\" class=\"reference separada\"><\/sup>\u200b ha dirigido varios partidos de Copa Conmebol Libertadores,\u00a0Copa Conmebol Sudamericana, de igual manera ha dirigido varios partidos en el\u00a0Campeonato Ecuatoriano de F\u00fatbol, Copa Ecuador.<\/p>\n<p>Viene de dirigir partidos en el Mundial Sub17 que se jug\u00f3 en Indonesia pitando partidos en la fase de grupo y semifinales del Torneo internacional.<\/p>\n<p>A continuaci\u00f3n la designaci\u00f3n:<\/p>\n<p><img decoding=\"async\" src=\"https:\/\/pbs.twimg.com\/media\/GBK9eZDXkAAUc2I?format=jpg&amp;name=large\" alt=\"Imagen\" \/><\/p>\n","protected":false},"excerpt":{"rendered":"<p>Guayaquil.- La Comisi\u00f3n Nacional de Arbitraje, ha dado a conocer la lista de jueces y asistentes que estar\u00e1n dirigiendo la final de Liga Pro a jugarse en el Estadio \u00abRodrigo Paz Delgado\u00bb, este domingo 17 de Diciembre desde las 16h30 locales (21h30 GMT). Arag\u00f3n tiene 37 a\u00f1os de edad, es oriundo de Esmeraldas y es [&hellip;]<\/p>\n","protected":false},"author":2,"featured_media":8652,"comment_status":"open","ping_status":"closed","sticky":false,"template":"","format":"standard","meta":{"_jetpack_memberships_contains_paid_content":false,"footnotes":""},"categories":[626,73],"tags":[1483,929,135],"class_list":["post-8651","post","type-post","status-publish","format-standard","has-post-thumbnail","hentry","category-futbol-nacional","category-liga-pro","tag-augusto-aragon","tag-futbol-nacional","tag-liga-pro"],"jetpack_featured_media_url":"https:\/\/radiocresatelital.com\/wp-content\/uploads\/2023\/12\/luis-robayo-getty-images-augusto-aragon-conmebol-2023.jpg.webp","jetpack_sharing_enabled":true,"_links":{"self":[{"href":"https:\/\/radiocresatelital.com\/index.php?rest_route=\/wp\/v2\/posts\/8651","targetHints":{"allow":["GET"]}}],"collection":[{"href":"https:\/\/radiocresatelital.com\/index.php?rest_route=\/wp\/v2\/posts"}],"about":[{"href":"https:\/\/radiocresatelital.com\/index.php?rest_route=\/wp\/v2\/types\/post"}],"author":[{"embeddable":true,"href":"https:\/\/radiocresatelital.com\/index.php?rest_route=\/wp\/v2\/users\/2"}],"replies":[{"embeddable":true,"href":"https:\/\/radiocresatelital.com\/index.php?rest_route=%2Fwp%2Fv2%2Fcomments&post=8651"}],"version-history":[{"count":1,"href":"https:\/\/radiocresatelital.com\/index.php?rest_route=\/wp\/v2\/posts\/8651\/revisions"}],"predecessor-version":[{"id":8653,"href":"https:\/\/radiocresatelital.com\/index.php?rest_route=\/wp\/v2\/posts\/8651\/revisions\/8653"}],"wp:featuredmedia":[{"embeddable":true,"href":"https:\/\/radiocresatelital.com\/index.php?rest_route=\/wp\/v2\/media\/8652"}],"wp:attachment":[{"href":"https:\/\/radiocresatelital.com\/index.php?rest_route=%2Fwp%2Fv2%2Fmedia&parent=8651"}],"wp:term":[{"taxonomy":"category","embeddable":true,"href":"https:\/\/radiocresatelital.com\/index.php?rest_route=%2Fwp%2Fv2%2Fcategories&post=8651"},{"taxonomy":"post_tag","embeddable":true,"href":"https:\/\/radiocresatelital.com\/index.php?rest_route=%2Fwp%2Fv2%2Ftags&post=8651"}],"curies":[{"name":"wp","href":"https:\/\/api.w.org\/{rel}","templated":true}]}}