{"id":8639,"date":"2023-12-12T21:33:30","date_gmt":"2023-12-12T21:33:30","guid":{"rendered":"https:\/\/radiocresatelital.com\/?p=8639"},"modified":"2023-12-12T21:33:54","modified_gmt":"2023-12-12T21:33:54","slug":"pedro-ortiz-renovo-contrato-con-emelec-hasta-el-2026-video","status":"publish","type":"post","link":"https:\/\/radiocresatelital.com\/?p=8639","title":{"rendered":"Pedro Ort\u00edz renov\u00f3 contrato con Emelec hasta el 2026 (Video)"},"content":{"rendered":"<p>Guayaquil.- El Departamento de Prensa del Club Sport Emelec ha comunicado que el portero Pedro Ort\u00edz ha renovado con el cuadro millonario hasta Diciembre del 2026.<\/p>\n<p>El portero azul fue un candado en la presenta temporada que esta por finalizar salvando en algunas ocasiones a Emelec de ser goleado.<\/p>\n<p>Pedro Ortiz es portero ecuatoriano de 33 a\u00f1os. Se inici\u00f3 en las formativas del\u00a0Emelec donde jug\u00f3 todas las categor\u00edas inferiores, despu\u00e9s pas\u00f3 al\u00a0Deportivo Azogues.<\/p>\n<p>En el 2016 llega al\u00a0Delf\u00edn, equipo con el cual particip\u00f3 en la\u00a0Copa Libertadores de Am\u00e9rica\u00a0en las ediciones\u00a02018\u00a0y\u00a02019, esta\u00a0\u00faltima temporada\u00a0fue la figura al atajar tres de cinco penales a\u00a0Liga Deportiva Universitaria, en la\u00a0final que se defini\u00f3 por la v\u00eda de los penales y consecuci\u00f3n del primer t\u00edtulo de campe\u00f3n nacional para el\u00a0equipo cet\u00e1ceo.\u00a0Con el cuadro azul ha jugado 150 partidos.<\/p>\n<p>Luego de firmar su extensi\u00f3n de contrato con el CS Emelec, el portero azul grab\u00f3 un video comunicando la buena noticia para la gran hinchada el\u00e9ctrica.<\/p>\n<blockquote class=\"twitter-tweet\" data-width=\"550\" data-dnt=\"true\">\n<p lang=\"es\" dir=\"ltr\">\ud83d\udcf9 Pedro Ortiz y unas palabras para los hinchas Azules \ud83d\udd1d<a href=\"https:\/\/twitter.com\/hashtag\/PorEmelec?src=hash&amp;ref_src=twsrc%5Etfw\">#PorEmelec<\/a> \ud83e\udd1c\ud83c\udffb\ud83e\udd1b\ud83c\udffb\u26a1 <a href=\"https:\/\/t.co\/q2WuKZZiaK\">pic.twitter.com\/q2WuKZZiaK<\/a><\/p>\n<p>&mdash; Club Sport Emelec (@CSEmelec) <a href=\"https:\/\/twitter.com\/CSEmelec\/status\/1734643362563530837?ref_src=twsrc%5Etfw\">December 12, 2023<\/a><\/p><\/blockquote>\n<p><script async src=\"https:\/\/platform.twitter.com\/widgets.js\" charset=\"utf-8\"><\/script><\/p>\n","protected":false},"excerpt":{"rendered":"<p>Guayaquil.- El Departamento de Prensa del Club Sport Emelec ha comunicado que el portero Pedro Ort\u00edz ha renovado con el cuadro millonario hasta Diciembre del 2026. El portero azul fue un candado en la presenta temporada que esta por finalizar salvando en algunas ocasiones a Emelec de ser goleado. Pedro Ortiz es portero ecuatoriano de [&hellip;]<\/p>\n","protected":false},"author":2,"featured_media":8640,"comment_status":"open","ping_status":"closed","sticky":false,"template":"","format":"standard","meta":{"_jetpack_memberships_contains_paid_content":false,"footnotes":""},"categories":[626,73],"tags":[56,135],"class_list":["post-8639","post","type-post","status-publish","format-standard","has-post-thumbnail","hentry","category-futbol-nacional","category-liga-pro","tag-emelec","tag-liga-pro"],"jetpack_featured_media_url":"https:\/\/radiocresatelital.com\/wp-content\/uploads\/2023\/12\/GBK0UXeWcAAJX3U.jpeg","jetpack_sharing_enabled":true,"_links":{"self":[{"href":"https:\/\/radiocresatelital.com\/index.php?rest_route=\/wp\/v2\/posts\/8639","targetHints":{"allow":["GET"]}}],"collection":[{"href":"https:\/\/radiocresatelital.com\/index.php?rest_route=\/wp\/v2\/posts"}],"about":[{"href":"https:\/\/radiocresatelital.com\/index.php?rest_route=\/wp\/v2\/types\/post"}],"author":[{"embeddable":true,"href":"https:\/\/radiocresatelital.com\/index.php?rest_route=\/wp\/v2\/users\/2"}],"replies":[{"embeddable":true,"href":"https:\/\/radiocresatelital.com\/index.php?rest_route=%2Fwp%2Fv2%2Fcomments&post=8639"}],"version-history":[{"count":1,"href":"https:\/\/radiocresatelital.com\/index.php?rest_route=\/wp\/v2\/posts\/8639\/revisions"}],"predecessor-version":[{"id":8641,"href":"https:\/\/radiocresatelital.com\/index.php?rest_route=\/wp\/v2\/posts\/8639\/revisions\/8641"}],"wp:featuredmedia":[{"embeddable":true,"href":"https:\/\/radiocresatelital.com\/index.php?rest_route=\/wp\/v2\/media\/8640"}],"wp:attachment":[{"href":"https:\/\/radiocresatelital.com\/index.php?rest_route=%2Fwp%2Fv2%2Fmedia&parent=8639"}],"wp:term":[{"taxonomy":"category","embeddable":true,"href":"https:\/\/radiocresatelital.com\/index.php?rest_route=%2Fwp%2Fv2%2Fcategories&post=8639"},{"taxonomy":"post_tag","embeddable":true,"href":"https:\/\/radiocresatelital.com\/index.php?rest_route=%2Fwp%2Fv2%2Ftags&post=8639"}],"curies":[{"name":"wp","href":"https:\/\/api.w.org\/{rel}","templated":true}]}}