{"id":862,"date":"2023-07-05T22:43:28","date_gmt":"2023-07-05T22:43:28","guid":{"rendered":"https:\/\/radiocresatelital.com\/?p=862"},"modified":"2023-07-05T22:43:28","modified_gmt":"2023-07-05T22:43:28","slug":"malecones-celebran-a-la-ciudad-con-el-programa-guayaquil-de-mis-colores","status":"publish","type":"post","link":"https:\/\/radiocresatelital.com\/?p=862","title":{"rendered":"Malecones celebran a la ciudad con el programa Guayaquil de mis Colores"},"content":{"rendered":"<p>Guayaquil.- Guayaquil de mis colores es la manera en que Malec\u00f3n 2000 y Malec\u00f3n del Salado celebran las fiestas julianas, con diferentes manifestaciones culturales.<\/p>\n<p>Del 14 al 31 de julio de 2023, la ciudadan\u00eda y turistas podr\u00e1n disfrutar gratuitamente de diversas actividades: espect\u00e1culo en vivo, juegos coloniales, photobooths 360, chazas decoradas en vivo, y m\u00e1s.<br \/>\nA continuaci\u00f3n, el detalle de las actividades en cada malec\u00f3n:<\/p>\n<p><strong>Malec\u00f3n 2000:<\/strong><br \/>\n\u2022 Pintura en vivo y exhibici\u00f3n chazas vivas: Un colectivo de artistas, liderado por Marco Mart\u00ednez, pintar\u00e1n en vivo una colecci\u00f3n de 15 chazas, que luego quedar\u00e1n en una exhibici\u00f3n itinerante en el sector.<\/p>\n<p>Las chazas son un tipo de ventana, con persianas de madera y que se puede abrir hasta ponerla casi horizontal.<\/p>\n<p>\u2022 Casas de anta\u00f1o de colores: una instalaci\u00f3n de fachadas de casas tradicionales del Guayaquil antiguo formar\u00e1 una calle llena de color y alegr\u00eda, donde los visitantes podr\u00e1n disfrutar de tomar fotograf\u00edas.<\/p>\n<p>\u2022 Murales de mil colores: Las paredes del malec\u00f3n se abren a artistas, que colaborar\u00e1n para plasmar su arte en dos espacios seleccionados en los exteriores del centro comercial Malec\u00f3n.<\/p>\n<p>\u2022 Microespacios en Jardines del Malec\u00f3n: un abanico de actividades para todas las edades, desde talleres de arte, microconciertos ac\u00fasticos, taller de cer\u00e1mica, de meditaci\u00f3n y yoga.<\/p>\n<p>\u2022 Vivero Malec\u00f3n: quioscos tendr\u00e1n a la venta especies end\u00e9micas de Guayaquil, que provienen de los Jardines del Malec\u00f3n.<\/p>\n<p><strong>Malec\u00f3n del Salado:<br \/>\n<\/strong><br \/>\n\u2022 Martes Dorados: regresa el programa cultural gratuito dirigido a personas de la tercera edad y personas con discapacidad, con presentaciones art\u00edsticas musicales, obras de teatro, danza, canto y similares. El espacio est\u00e1 coordinado por Alcira Mugica y Erni Rivas y se desarrollar\u00e1 todos los martes de 16h30 a 18h00 locales (21h30 a 23h00 GMT). Se pueden reservar entradas gratuitas al WhatsApp 099-112-7290 (cupos limitados).<\/p>\n<p>\u2022 Teatro con Paco Varela: Luego de tres d\u00e9cadas de \u00e9xito en el extranjero, Paco Varela regresa al pa\u00eds y presentar\u00e1 dos obras teatrales que prometen cautivar al p\u00fablico: \u00abQEPD Un matrimonio post Mortem\u00bb<br \/>\nuna s\u00e1tira c\u00f3mica basada en la obra del dramaturgo ecuatoriano Jos\u00e9 Mart\u00ednez Queirolo, y \u00abBolero Despu\u00e9s\u00bb.<\/p>\n<p>Las presentaciones, que se llevar\u00e1n a cabo tambi\u00e9n en la Sala La Bota, tendr\u00e1n un valor de USD 15 individual y USD 20 la pareja.<\/p>\n<p>Para m\u00e1s informaci\u00f3n sobre la adquisici\u00f3n de entradas, se puede reservar v\u00eda WhatsApp al 0991127290, o ponerse en contacto con la Sala La Bota a trav\u00e9s de sus canales de comunicaci\u00f3n oficiales @labotagye.<\/p>\n","protected":false},"excerpt":{"rendered":"<p>Guayaquil.- Guayaquil de mis colores es la manera en que Malec\u00f3n 2000 y Malec\u00f3n del Salado celebran las fiestas julianas, con diferentes manifestaciones culturales. Del 14 al 31 de julio de 2023, la ciudadan\u00eda y turistas podr\u00e1n disfrutar gratuitamente de diversas actividades: espect\u00e1culo en vivo, juegos coloniales, photobooths 360, chazas decoradas en vivo, y m\u00e1s. [&hellip;]<\/p>\n","protected":false},"author":2,"featured_media":863,"comment_status":"open","ping_status":"closed","sticky":false,"template":"","format":"standard","meta":{"_jetpack_memberships_contains_paid_content":false,"footnotes":""},"categories":[33,13],"tags":[210],"class_list":["post-862","post","type-post","status-publish","format-standard","has-post-thumbnail","hentry","category-guayaquil","category-noticias-nacionales","tag-guayaquil-de-mis-colores"],"jetpack_featured_media_url":"https:\/\/radiocresatelital.com\/wp-content\/uploads\/2023\/07\/5c973b4c-city-20093-16561dd06c7.jpg","jetpack_sharing_enabled":true,"_links":{"self":[{"href":"https:\/\/radiocresatelital.com\/index.php?rest_route=\/wp\/v2\/posts\/862","targetHints":{"allow":["GET"]}}],"collection":[{"href":"https:\/\/radiocresatelital.com\/index.php?rest_route=\/wp\/v2\/posts"}],"about":[{"href":"https:\/\/radiocresatelital.com\/index.php?rest_route=\/wp\/v2\/types\/post"}],"author":[{"embeddable":true,"href":"https:\/\/radiocresatelital.com\/index.php?rest_route=\/wp\/v2\/users\/2"}],"replies":[{"embeddable":true,"href":"https:\/\/radiocresatelital.com\/index.php?rest_route=%2Fwp%2Fv2%2Fcomments&post=862"}],"version-history":[{"count":1,"href":"https:\/\/radiocresatelital.com\/index.php?rest_route=\/wp\/v2\/posts\/862\/revisions"}],"predecessor-version":[{"id":864,"href":"https:\/\/radiocresatelital.com\/index.php?rest_route=\/wp\/v2\/posts\/862\/revisions\/864"}],"wp:featuredmedia":[{"embeddable":true,"href":"https:\/\/radiocresatelital.com\/index.php?rest_route=\/wp\/v2\/media\/863"}],"wp:attachment":[{"href":"https:\/\/radiocresatelital.com\/index.php?rest_route=%2Fwp%2Fv2%2Fmedia&parent=862"}],"wp:term":[{"taxonomy":"category","embeddable":true,"href":"https:\/\/radiocresatelital.com\/index.php?rest_route=%2Fwp%2Fv2%2Fcategories&post=862"},{"taxonomy":"post_tag","embeddable":true,"href":"https:\/\/radiocresatelital.com\/index.php?rest_route=%2Fwp%2Fv2%2Ftags&post=862"}],"curies":[{"name":"wp","href":"https:\/\/api.w.org\/{rel}","templated":true}]}}