{"id":8606,"date":"2023-12-12T16:17:37","date_gmt":"2023-12-12T16:17:37","guid":{"rendered":"https:\/\/radiocresatelital.com\/?p=8606"},"modified":"2023-12-12T21:06:39","modified_gmt":"2023-12-12T21:06:39","slug":"masacran-por-error-a-4-ninos-en-el-guasmo-sur","status":"publish","type":"post","link":"https:\/\/radiocresatelital.com\/?p=8606","title":{"rendered":"Masacran, \u00abpor error\u00bb a 4 ni\u00f1os en el Guasmo Sur"},"content":{"rendered":"<p>Guayaquil.- Confirmando una vez m\u00e1s que nos hemos convertido en una de las ciudades m\u00e1s violentas del mundo, anoche, como si se tratara de una pel\u00edcula de macabra acci\u00f3n, un grupo de sicarios lleg\u00f3 al Guasmo Sur y dispar\u00f3 m\u00e1s de 30 veces contra los habitantes de una humilde vivienda, hiriendo mortalmente a sus 6 ocupantes, 4 de ellos, ni\u00f1os de 7, 5, 3 a\u00f1os y una \u00faltima menor de 5 meses de edad. Pero&#8230;perd\u00f3n, fue un error, no era a ellos que hab\u00eda que asesinar, as\u00ed como tampoco se trataba de una pel\u00edcula y por lo tanto no se puede repetir la escena para corregirla.<\/p>\n<p>Todos fueron trasladados a un hospital, donde simplemente se confirm\u00f3 la muerte de los 4 ni\u00f1os, mientras la madre se debate entre la vida y la muerte y el padre, estable en su salud, vive el dolor inexplicable de haber perdido su familia sin saber porqu\u00e9.<\/p>\n<p>Los habitantes de esa casa, eran una pareja joven, cristiana, junto a sus cuatro peque\u00f1os, que no ten\u00edan antecedentes penales y llevaban una vida transparente, seg\u00fan lo confirma la polic\u00eda y apenas lo balbucean los vecinos, quienes se sumen en el silencio por el temor a las consecuencias.<\/p>\n<p>V\u00edctor Herrera, Comandante de la Zona 8, confirm\u00f3 que la familia no ten\u00eda cuentas pendientes con la justicia y aunque la Polic\u00eda Nacional est\u00e1 acostumbrada a duras escenas, ha sido inevitable la consternaci\u00f3n dentro de los efectivos que acudieron al lugar luego de la masacre que se registr\u00f3 anoche a las 21h00.<\/p>\n<p>La Fiscal\u00eda ha actuado de oficio. La reacci\u00f3n en la comunidad y a trav\u00e9s de las redes sociales es de urgente necesidad de implacable justicia.<\/p>\n","protected":false},"excerpt":{"rendered":"<p>Guayaquil.- Confirmando una vez m\u00e1s que nos hemos convertido en una de las ciudades m\u00e1s violentas del mundo, anoche, como si se tratara de una pel\u00edcula de macabra acci\u00f3n, un grupo de sicarios lleg\u00f3 al Guasmo Sur y dispar\u00f3 m\u00e1s de 30 veces contra los habitantes de una humilde vivienda, hiriendo mortalmente a sus 6 [&hellip;]<\/p>\n","protected":false},"author":3,"featured_media":8607,"comment_status":"open","ping_status":"closed","sticky":false,"template":"","format":"standard","meta":{"_jetpack_memberships_contains_paid_content":false,"footnotes":""},"categories":[13],"tags":[1478],"class_list":["post-8606","post","type-post","status-publish","format-standard","has-post-thumbnail","hentry","category-noticias-nacionales","tag-masacre-en-guayaquil"],"jetpack_featured_media_url":"https:\/\/radiocresatelital.com\/wp-content\/uploads\/2023\/12\/ninos-victimas-de-violencia.jpg","jetpack_sharing_enabled":true,"_links":{"self":[{"href":"https:\/\/radiocresatelital.com\/index.php?rest_route=\/wp\/v2\/posts\/8606","targetHints":{"allow":["GET"]}}],"collection":[{"href":"https:\/\/radiocresatelital.com\/index.php?rest_route=\/wp\/v2\/posts"}],"about":[{"href":"https:\/\/radiocresatelital.com\/index.php?rest_route=\/wp\/v2\/types\/post"}],"author":[{"embeddable":true,"href":"https:\/\/radiocresatelital.com\/index.php?rest_route=\/wp\/v2\/users\/3"}],"replies":[{"embeddable":true,"href":"https:\/\/radiocresatelital.com\/index.php?rest_route=%2Fwp%2Fv2%2Fcomments&post=8606"}],"version-history":[{"count":2,"href":"https:\/\/radiocresatelital.com\/index.php?rest_route=\/wp\/v2\/posts\/8606\/revisions"}],"predecessor-version":[{"id":8632,"href":"https:\/\/radiocresatelital.com\/index.php?rest_route=\/wp\/v2\/posts\/8606\/revisions\/8632"}],"wp:featuredmedia":[{"embeddable":true,"href":"https:\/\/radiocresatelital.com\/index.php?rest_route=\/wp\/v2\/media\/8607"}],"wp:attachment":[{"href":"https:\/\/radiocresatelital.com\/index.php?rest_route=%2Fwp%2Fv2%2Fmedia&parent=8606"}],"wp:term":[{"taxonomy":"category","embeddable":true,"href":"https:\/\/radiocresatelital.com\/index.php?rest_route=%2Fwp%2Fv2%2Fcategories&post=8606"},{"taxonomy":"post_tag","embeddable":true,"href":"https:\/\/radiocresatelital.com\/index.php?rest_route=%2Fwp%2Fv2%2Ftags&post=8606"}],"curies":[{"name":"wp","href":"https:\/\/api.w.org\/{rel}","templated":true}]}}