{"id":8600,"date":"2023-12-12T15:05:11","date_gmt":"2023-12-12T15:05:11","guid":{"rendered":"https:\/\/radiocresatelital.com\/?p=8600"},"modified":"2023-12-12T21:04:15","modified_gmt":"2023-12-12T21:04:15","slug":"temblor-de-41-en-pedernales","status":"publish","type":"post","link":"https:\/\/radiocresatelital.com\/?p=8600","title":{"rendered":"Temblor de 4,1 en Pedernales"},"content":{"rendered":"<p>Manab\u00ed.- Hoy se registr\u00f3 un sismo de 4,1 en la escala de Ritcher a 34 Kms. de Pedernales y a una profundidad de\u00a0 23 kms., seg\u00fan report\u00f3 el Instituto Geof\u00edsico del Ecuador.<\/p>\n<p>Aparentemente, no hay consecuencias que lamentar, seg\u00fan han indicado las autoridades en un primer informe.<\/p>\n<p>Esta zona del pa\u00eds se mantiene s\u00edsmicamente activa durante todo el a\u00f1o. Pedernales, fue el epicentro de un gran terremoto de magnitud 7,8 hace poco m\u00e1s de 7 a\u00f1os, cat\u00e1strofe de la cual hay a\u00fan personas que viven en carpas endebles<\/p>\n","protected":false},"excerpt":{"rendered":"<p>Manab\u00ed.- Hoy se registr\u00f3 un sismo de 4,1 en la escala de Ritcher a 34 Kms. de Pedernales y a una profundidad de\u00a0 23 kms., seg\u00fan report\u00f3 el Instituto Geof\u00edsico del Ecuador. Aparentemente, no hay consecuencias que lamentar, seg\u00fan han indicado las autoridades en un primer informe. Esta zona del pa\u00eds se mantiene s\u00edsmicamente activa [&hellip;]<\/p>\n","protected":false},"author":3,"featured_media":8628,"comment_status":"open","ping_status":"closed","sticky":false,"template":"","format":"standard","meta":{"_jetpack_memberships_contains_paid_content":false,"footnotes":""},"categories":[13],"tags":[1476],"class_list":["post-8600","post","type-post","status-publish","format-standard","has-post-thumbnail","hentry","category-noticias-nacionales","tag-sismo-pedernales"],"jetpack_featured_media_url":"https:\/\/radiocresatelital.com\/wp-content\/uploads\/2023\/12\/sismo_1282534_20231212094050.jpg","jetpack_sharing_enabled":true,"_links":{"self":[{"href":"https:\/\/radiocresatelital.com\/index.php?rest_route=\/wp\/v2\/posts\/8600","targetHints":{"allow":["GET"]}}],"collection":[{"href":"https:\/\/radiocresatelital.com\/index.php?rest_route=\/wp\/v2\/posts"}],"about":[{"href":"https:\/\/radiocresatelital.com\/index.php?rest_route=\/wp\/v2\/types\/post"}],"author":[{"embeddable":true,"href":"https:\/\/radiocresatelital.com\/index.php?rest_route=\/wp\/v2\/users\/3"}],"replies":[{"embeddable":true,"href":"https:\/\/radiocresatelital.com\/index.php?rest_route=%2Fwp%2Fv2%2Fcomments&post=8600"}],"version-history":[{"count":2,"href":"https:\/\/radiocresatelital.com\/index.php?rest_route=\/wp\/v2\/posts\/8600\/revisions"}],"predecessor-version":[{"id":8629,"href":"https:\/\/radiocresatelital.com\/index.php?rest_route=\/wp\/v2\/posts\/8600\/revisions\/8629"}],"wp:featuredmedia":[{"embeddable":true,"href":"https:\/\/radiocresatelital.com\/index.php?rest_route=\/wp\/v2\/media\/8628"}],"wp:attachment":[{"href":"https:\/\/radiocresatelital.com\/index.php?rest_route=%2Fwp%2Fv2%2Fmedia&parent=8600"}],"wp:term":[{"taxonomy":"category","embeddable":true,"href":"https:\/\/radiocresatelital.com\/index.php?rest_route=%2Fwp%2Fv2%2Fcategories&post=8600"},{"taxonomy":"post_tag","embeddable":true,"href":"https:\/\/radiocresatelital.com\/index.php?rest_route=%2Fwp%2Fv2%2Ftags&post=8600"}],"curies":[{"name":"wp","href":"https:\/\/api.w.org\/{rel}","templated":true}]}}