{"id":8597,"date":"2023-12-11T21:49:35","date_gmt":"2023-12-11T21:49:35","guid":{"rendered":"https:\/\/radiocresatelital.com\/?p=8597"},"modified":"2023-12-11T21:49:35","modified_gmt":"2023-12-11T21:49:35","slug":"hernan-torres-habla-de-su-trabajo-en-el-cuadro-azul-video","status":"publish","type":"post","link":"https:\/\/radiocresatelital.com\/?p=8597","title":{"rendered":"Hern\u00e1n Torres habla de su trabajo en el cuadro azul (Video)"},"content":{"rendered":"<p>Guayaquil.- El actual t\u00e9cnico del Club Sport Emelec, Hern\u00e1n Torres, ha conversado con el departamento de Comunicaciones del cuadro azul sobre el trabajo que pueda cumplir con el cuadro el\u00e9ctrico para la temporada 2024.<\/p>\n<p>Por otra parte, el cuadro azul anunci\u00f3 que el t\u00e9cnico colombiano halogrado firmar contrato con el equipo azul hasta diciembre 2024 y que espera llegar a conseguir buenos resultados.<\/p>\n<p>El t\u00e9cnico regresar\u00e1 al Pa\u00eds para comenzar con al pretemporada en los primeros d\u00edas de Enero.<\/p>\n<p>A continuaci\u00f3n las declaraciones del cuadro azul, Hern\u00e1n Torres.<\/p>\n<blockquote class=\"twitter-tweet\" data-width=\"550\" data-dnt=\"true\">\n<p lang=\"es\" dir=\"ltr\">\ud83d\udcf9 Impresiones del Dt Hern\u00e1n Torres de cara a lo que ser\u00e1 el 2\u20e30\u20e32\u20e34\u20e3 \ud83d\udd1d<a href=\"https:\/\/twitter.com\/hashtag\/PorEmelec?src=hash&amp;ref_src=twsrc%5Etfw\">#PorEmelec<\/a> \ud83e\udd1c\ud83c\udffb\ud83e\udd1b\ud83c\udffb\u26a1 <a href=\"https:\/\/t.co\/f90hBTReXd\">pic.twitter.com\/f90hBTReXd<\/a><\/p>\n<p>&mdash; Club Sport Emelec (@CSEmelec) <a href=\"https:\/\/twitter.com\/CSEmelec\/status\/1734274256190456237?ref_src=twsrc%5Etfw\">December 11, 2023<\/a><\/p><\/blockquote>\n<p><script async src=\"https:\/\/platform.twitter.com\/widgets.js\" charset=\"utf-8\"><\/script><\/p>\n","protected":false},"excerpt":{"rendered":"<p>Guayaquil.- El actual t\u00e9cnico del Club Sport Emelec, Hern\u00e1n Torres, ha conversado con el departamento de Comunicaciones del cuadro azul sobre el trabajo que pueda cumplir con el cuadro el\u00e9ctrico para la temporada 2024. Por otra parte, el cuadro azul anunci\u00f3 que el t\u00e9cnico colombiano halogrado firmar contrato con el equipo azul hasta diciembre 2024 [&hellip;]<\/p>\n","protected":false},"author":2,"featured_media":8598,"comment_status":"open","ping_status":"closed","sticky":false,"template":"","format":"standard","meta":{"_jetpack_memberships_contains_paid_content":false,"footnotes":""},"categories":[626,73],"tags":[56,1473],"class_list":["post-8597","post","type-post","status-publish","format-standard","has-post-thumbnail","hentry","category-futbol-nacional","category-liga-pro","tag-emelec","tag-hernan-torres"],"jetpack_featured_media_url":"https:\/\/radiocresatelital.com\/wp-content\/uploads\/2023\/12\/hernantorres_0.jpg.webp","jetpack_sharing_enabled":true,"_links":{"self":[{"href":"https:\/\/radiocresatelital.com\/index.php?rest_route=\/wp\/v2\/posts\/8597","targetHints":{"allow":["GET"]}}],"collection":[{"href":"https:\/\/radiocresatelital.com\/index.php?rest_route=\/wp\/v2\/posts"}],"about":[{"href":"https:\/\/radiocresatelital.com\/index.php?rest_route=\/wp\/v2\/types\/post"}],"author":[{"embeddable":true,"href":"https:\/\/radiocresatelital.com\/index.php?rest_route=\/wp\/v2\/users\/2"}],"replies":[{"embeddable":true,"href":"https:\/\/radiocresatelital.com\/index.php?rest_route=%2Fwp%2Fv2%2Fcomments&post=8597"}],"version-history":[{"count":1,"href":"https:\/\/radiocresatelital.com\/index.php?rest_route=\/wp\/v2\/posts\/8597\/revisions"}],"predecessor-version":[{"id":8599,"href":"https:\/\/radiocresatelital.com\/index.php?rest_route=\/wp\/v2\/posts\/8597\/revisions\/8599"}],"wp:featuredmedia":[{"embeddable":true,"href":"https:\/\/radiocresatelital.com\/index.php?rest_route=\/wp\/v2\/media\/8598"}],"wp:attachment":[{"href":"https:\/\/radiocresatelital.com\/index.php?rest_route=%2Fwp%2Fv2%2Fmedia&parent=8597"}],"wp:term":[{"taxonomy":"category","embeddable":true,"href":"https:\/\/radiocresatelital.com\/index.php?rest_route=%2Fwp%2Fv2%2Fcategories&post=8597"},{"taxonomy":"post_tag","embeddable":true,"href":"https:\/\/radiocresatelital.com\/index.php?rest_route=%2Fwp%2Fv2%2Ftags&post=8597"}],"curies":[{"name":"wp","href":"https:\/\/api.w.org\/{rel}","templated":true}]}}