{"id":8594,"date":"2023-12-11T21:36:06","date_gmt":"2023-12-11T21:36:06","guid":{"rendered":"https:\/\/radiocresatelital.com\/?p=8594"},"modified":"2023-12-11T21:36:06","modified_gmt":"2023-12-11T21:36:06","slug":"conozca-las-opciones-gastronomicas-para-las-festividades-de-diciembre-en-ecuador","status":"publish","type":"post","link":"https:\/\/radiocresatelital.com\/?p=8594","title":{"rendered":"Conozca las opciones gastron\u00f3micas para las festividades de Diciembre en Ecuador"},"content":{"rendered":"<p>Quito.- Navidad y fin de a\u00f1o son las fechas m\u00e1s importantes en el mundo. En Ecuador, las familias, amigos y empresas se re\u00fanen para esta celebraci\u00f3n a trav\u00e9s de una cena o almuerzo especial que les permita compartir un momento ameno juntos.<\/p>\n<p>Para esta festividad los sabores navide\u00f1os juegan un rol importante para generar una conexi\u00f3n entre los comensales y la amplia oferta gastron\u00f3mica que existe en el pa\u00eds. El pavo, pernil, arroz navide\u00f1o, rellenos y salsas son los platillos estrella para esta celebraci\u00f3n.<\/p>\n<p>\u201cEn Sociedad Gourmet nos encanta celebrar la Navidad con nuestros clientes, por eso hemos creado una propuesta especial para Quito, Guayaquil y Cuenca llena de sabor y tradici\u00f3n. Estamos seguros que todas las personas que nos visiten quedar\u00e1n encantadas con nuestro men\u00fa navide\u00f1o\u201d, menciona Oriana Camacho, Coordinadora de Marketing y Comunicaciones de Sociedad Gourmet.<\/p>\n<p>A trav\u00e9s de diferentes formatos que conectan a las y los ecuatorianos con los sabores tradicionales de las fiestas, presentamos algunas ideas para compartir un delicioso momento junto a sus seres queridos en las principales ciudades del pa\u00eds:<\/p>\n<p><strong>Especiales de navidad<\/strong><\/p>\n<ul>\n<li><strong>Negroni: <\/strong>el restaurante de comida estilo Nikkei, ofrece un men\u00fa de 4 tiempos que incluye; petit, entrada, plato fuerte y postre. Los clientes podr\u00e1n elegir entre medallones de pavo o cerdo como principal, acompa\u00f1ados de dos guarniciones a elecci\u00f3n; arroz navide\u00f1o, relleno tradicional Negroni o ensalada de mix de frutos y nueces. Disponible en: Quito y Guayaquil.<\/li>\n<li><strong>La \u00danica: <\/strong>al puro estilo mexicano, cantina La \u00danica cuenta con un especial de 3 tiempos. Como entrada, tacos de birria; plato fuerte, rollo de pavo con relleno tradicional y arroz navide\u00f1o; postre, tronco navide\u00f1o. Disponible en: Quito, Guayaquil y Cuenca.<\/li>\n<li><strong>La Creme: <\/strong>Este restaurante presenta 3 opciones de men\u00fa con entrada, plato principal y postre. Para las entradas, se podr\u00e1 elegir entre: crema de tomate o ensalada del huerto. Como plato principal las opciones var\u00edan entre: pollo en salsa de champi\u00f1ones, lomo en salsa de 4 quesos y pavo en salsa de frutos rojos, cada uno acompa\u00f1ado de dos guarniciones. Disponible en: Cuenca<\/li>\n<li><strong>Caf\u00e9 del museo:<\/strong> dentro de su oferta gastron\u00f3mica, este restaurante cuenta con dos opciones de men\u00fa con entrada, plato principal y postre. Entre las opciones a elegir est\u00e1n: ensalada Waldorf y C\u00e9sar como entrada. Pernil criollo en salsa de pi\u00f1a o pierna de pavo al horno con gravy como plato principal acompa\u00f1ados cada uno de dos guarniciones. Finalmente, para el postre podr\u00e1 elegir entre: cheesecake de chirimoya y torta de Nutella. Disponible en: Cuenca<\/li>\n<li><strong>La Placita:<\/strong> con un men\u00fa que consta de entrada, plato fuerte y postre, La Placita conecta a los comensales con sabores tradicionales. Como entrada las opciones son: empanada de viento o tamal navide\u00f1o; plato principal: pechuga de pavo en su jugo o lomo a la diabla, cada uno acompa\u00f1ado de dos guarniciones y para el postre los tradicionales bu\u00f1uelos con miel o un delicioso cheesecake de higo. Disponible en: Cuenca<\/li>\n<li><strong>Mansi\u00f3n Alc\u00e1zar: <\/strong>uno de los hoteles m\u00e1s representativos y antiguos de Cuenca, ofrece a sus visitantes 3 opciones de men\u00fa con entrada, plato fuerte y postre. Con una variedad de comida inspirada en el mar, Mansi\u00f3n Alcazar pone a su disposici\u00f3n tartas de camar\u00f3n o raviolis de pera como entrada, pavo al horno, lomo en salsa funghi o corvina en salsa de alcaparras como plato fuerte y de postre cr\u00e9me brul\u00e9e, torta de chocolate o nut pie. Disponible en: Cuenca<\/li>\n<li><strong>Santa Luc\u00eda:<\/strong> este hotel ofrece un men\u00fa tradicional con opciones variadas en sus entradas como: pulpo al estilo del chef, carpaccio di manzano o raviolis de pera. Para sus platos fuertes se podr\u00e1 escoger entre: medallones de pavo, medallones de lomo o salm\u00f3n al grill, cada uno acompa\u00f1ado de dos guarniciones. Para el postre, las opciones son variadas: torta de chocolate, cheescake de frutos rojos, pie de lim\u00f3n o fresas flamb\u00e9 con helado.<\/li>\n<li><strong>Lola Izakaya:<\/strong> con dos propuestas de men\u00fa inspirados en la cocina izakaya, se podr\u00e1 degustar de una comida de dos tiempos entre plato principal y postre. Para iniciar entre las opciones est\u00e1n: medallones de lomo de cerdo o pechuga de pavo en salsa de cerveza, cada uno de estos platos viene acompa\u00f1ado de sus guarniciones a elegir. Para el postre un tradicional tronco navide\u00f1o. Disponible en: Guayaquil\n<p>La oferta gastron\u00f3mica de especiales para navidad estar\u00e1 disponible desde el en noche buena (24 de diciembre). Los clientes pueden disfrutarlos en cualquiera de los establecimientos mencionados en las principales ciudades de Ecuador.<\/li>\n<\/ul>\n<p>Sociedad Gourmet invita a todo el p\u00fablico ecuatoriano, a vivir la magia de la navidad a trav\u00e9s de sabores tradicionales que reconectan a familiares y amigos a trav\u00e9s de cena o almuerzos amenos.<\/p>\n","protected":false},"excerpt":{"rendered":"<p>Quito.- Navidad y fin de a\u00f1o son las fechas m\u00e1s importantes en el mundo. En Ecuador, las familias, amigos y empresas se re\u00fanen para esta celebraci\u00f3n a trav\u00e9s de una cena o almuerzo especial que les permita compartir un momento ameno juntos. Para esta festividad los sabores navide\u00f1os juegan un rol importante para generar una [&hellip;]<\/p>\n","protected":false},"author":2,"featured_media":8595,"comment_status":"open","ping_status":"closed","sticky":false,"template":"","format":"standard","meta":{"_jetpack_memberships_contains_paid_content":false,"footnotes":""},"categories":[919],"tags":[893],"class_list":["post-8594","post","type-post","status-publish","format-standard","has-post-thumbnail","hentry","category-gastronomia","tag-gastronomia"],"jetpack_featured_media_url":"https:\/\/radiocresatelital.com\/wp-content\/uploads\/2023\/12\/32f3d049-d838-4404-8ac3-6307d0c1cc58.jpeg","jetpack_sharing_enabled":true,"_links":{"self":[{"href":"https:\/\/radiocresatelital.com\/index.php?rest_route=\/wp\/v2\/posts\/8594","targetHints":{"allow":["GET"]}}],"collection":[{"href":"https:\/\/radiocresatelital.com\/index.php?rest_route=\/wp\/v2\/posts"}],"about":[{"href":"https:\/\/radiocresatelital.com\/index.php?rest_route=\/wp\/v2\/types\/post"}],"author":[{"embeddable":true,"href":"https:\/\/radiocresatelital.com\/index.php?rest_route=\/wp\/v2\/users\/2"}],"replies":[{"embeddable":true,"href":"https:\/\/radiocresatelital.com\/index.php?rest_route=%2Fwp%2Fv2%2Fcomments&post=8594"}],"version-history":[{"count":1,"href":"https:\/\/radiocresatelital.com\/index.php?rest_route=\/wp\/v2\/posts\/8594\/revisions"}],"predecessor-version":[{"id":8596,"href":"https:\/\/radiocresatelital.com\/index.php?rest_route=\/wp\/v2\/posts\/8594\/revisions\/8596"}],"wp:featuredmedia":[{"embeddable":true,"href":"https:\/\/radiocresatelital.com\/index.php?rest_route=\/wp\/v2\/media\/8595"}],"wp:attachment":[{"href":"https:\/\/radiocresatelital.com\/index.php?rest_route=%2Fwp%2Fv2%2Fmedia&parent=8594"}],"wp:term":[{"taxonomy":"category","embeddable":true,"href":"https:\/\/radiocresatelital.com\/index.php?rest_route=%2Fwp%2Fv2%2Fcategories&post=8594"},{"taxonomy":"post_tag","embeddable":true,"href":"https:\/\/radiocresatelital.com\/index.php?rest_route=%2Fwp%2Fv2%2Ftags&post=8594"}],"curies":[{"name":"wp","href":"https:\/\/api.w.org\/{rel}","templated":true}]}}