{"id":8580,"date":"2023-12-11T20:21:34","date_gmt":"2023-12-11T20:21:34","guid":{"rendered":"https:\/\/radiocresatelital.com\/?p=8580"},"modified":"2023-12-11T20:21:34","modified_gmt":"2023-12-11T20:21:34","slug":"thilmer-zambrano-fue-designado-nuevo-jefe-politico-de-machala","status":"publish","type":"post","link":"https:\/\/radiocresatelital.com\/?p=8580","title":{"rendered":"Thilmer Zambrano fue designado nuevo jefe pol\u00edtico de Machala"},"content":{"rendered":"<p>Machala.- Desde el pasado mi\u00e9rcoles 6 de diciembre el Coronel en servicio pasivo Thilmer Stanly Zambrano Santistevan fue posesionado por el Gobernador Jimmy Blacio Ochoa, como nuevo Jefe pol\u00edtico del cant\u00f3n Machala.<\/p>\n<p>La nueva autoridad, es Mag\u00edster en Administraci\u00f3n y Marketing por la Universidad Tecnol\u00f3gica Indoam\u00e9rica; posee un Diplomado en gesti\u00f3n de Aprendizaje Universitario otorgado por la Escuela Polit\u00e9cnica del Litoral.<\/p>\n<p>El nuevo jefe pol\u00edtico comprometi\u00f3 toda su gesti\u00f3n de apoyo al gobernador de la provincia para lograr que las pol\u00edticas del Gobierno el presidente Daniel Noboa Azin se apliquen en cada rinc\u00f3n de la provincia de El Oro.<\/p>\n<p>La nueva autoridad del cant\u00f3n Machala fue Instructor en Colegios Militares, Escuela de Formaci\u00f3n de Soldados, Cadetes de Escuela Superior Militar Eloy Alfaro, enter otros.<\/p>\n<p>Fue Secretario General del Ministerio de Defensa Nacional; Comandante del Comando de Apoyo Log\u00edstico N\u00b0. 27 Cuenca; Coordinador del Departamento de Armas de Quito; Jefe de los Departamentos de Control de Armas de Ibarra, Tulc\u00e1n y Cuenca.<\/p>\n","protected":false},"excerpt":{"rendered":"<p>Machala.- Desde el pasado mi\u00e9rcoles 6 de diciembre el Coronel en servicio pasivo Thilmer Stanly Zambrano Santistevan fue posesionado por el Gobernador Jimmy Blacio Ochoa, como nuevo Jefe pol\u00edtico del cant\u00f3n Machala. La nueva autoridad, es Mag\u00edster en Administraci\u00f3n y Marketing por la Universidad Tecnol\u00f3gica Indoam\u00e9rica; posee un Diplomado en gesti\u00f3n de Aprendizaje Universitario otorgado [&hellip;]<\/p>\n","protected":false},"author":2,"featured_media":8581,"comment_status":"open","ping_status":"closed","sticky":false,"template":"","format":"standard","meta":{"_jetpack_memberships_contains_paid_content":false,"footnotes":""},"categories":[13],"tags":[1468,1467,1466],"class_list":["post-8580","post","type-post","status-publish","format-standard","has-post-thumbnail","hentry","category-noticias-nacionales","tag-canton-machala","tag-jefe-politico","tag-thilmer-stanly-zambrano-santistevan"],"jetpack_featured_media_url":"https:\/\/radiocresatelital.com\/wp-content\/uploads\/2023\/12\/a7e41d4f-0bbb-4d6e-a4f7-aa757dca1e79.jpeg","jetpack_sharing_enabled":true,"_links":{"self":[{"href":"https:\/\/radiocresatelital.com\/index.php?rest_route=\/wp\/v2\/posts\/8580","targetHints":{"allow":["GET"]}}],"collection":[{"href":"https:\/\/radiocresatelital.com\/index.php?rest_route=\/wp\/v2\/posts"}],"about":[{"href":"https:\/\/radiocresatelital.com\/index.php?rest_route=\/wp\/v2\/types\/post"}],"author":[{"embeddable":true,"href":"https:\/\/radiocresatelital.com\/index.php?rest_route=\/wp\/v2\/users\/2"}],"replies":[{"embeddable":true,"href":"https:\/\/radiocresatelital.com\/index.php?rest_route=%2Fwp%2Fv2%2Fcomments&post=8580"}],"version-history":[{"count":1,"href":"https:\/\/radiocresatelital.com\/index.php?rest_route=\/wp\/v2\/posts\/8580\/revisions"}],"predecessor-version":[{"id":8582,"href":"https:\/\/radiocresatelital.com\/index.php?rest_route=\/wp\/v2\/posts\/8580\/revisions\/8582"}],"wp:featuredmedia":[{"embeddable":true,"href":"https:\/\/radiocresatelital.com\/index.php?rest_route=\/wp\/v2\/media\/8581"}],"wp:attachment":[{"href":"https:\/\/radiocresatelital.com\/index.php?rest_route=%2Fwp%2Fv2%2Fmedia&parent=8580"}],"wp:term":[{"taxonomy":"category","embeddable":true,"href":"https:\/\/radiocresatelital.com\/index.php?rest_route=%2Fwp%2Fv2%2Fcategories&post=8580"},{"taxonomy":"post_tag","embeddable":true,"href":"https:\/\/radiocresatelital.com\/index.php?rest_route=%2Fwp%2Fv2%2Ftags&post=8580"}],"curies":[{"name":"wp","href":"https:\/\/api.w.org\/{rel}","templated":true}]}}