{"id":8577,"date":"2023-12-11T20:10:12","date_gmt":"2023-12-11T20:10:12","guid":{"rendered":"https:\/\/radiocresatelital.com\/?p=8577"},"modified":"2023-12-11T20:10:43","modified_gmt":"2023-12-11T20:10:43","slug":"gobernador-del-guayas-participo-en-el-minuto-civico-del-colegio-fiscal-cesar-borja-lavayen-y-elogio-a-los-jovenes","status":"publish","type":"post","link":"https:\/\/radiocresatelital.com\/?p=8577","title":{"rendered":"Gobernador del Guayas particip\u00f3 en el minuto c\u00edvico del Colegio Fiscal, C\u00e9sar Borja Lavayen y elogi\u00f3 a los j\u00f3venes"},"content":{"rendered":"<p>Guayaquil.- En un emotivo acto c\u00edvico, el gobernador del Guayas, Alberto Molina Flores, encabez\u00f3 el minuto c\u00edvico semanal en el Colegio Fiscal C\u00e9sar Borja Lavayen, congregando a 300 estudiantes, docentes y autoridades locales. La jornada, destinada a rendir honores a los s\u00edmbolos patrios, fue enriquecida con destacadas participaciones.<\/p>\n<p>La banda de paz, un inspirador acr\u00f3stico resaltando la honestidad, la cautivadora presentaci\u00f3n del grupo folcl\u00f3rico \u00abRa\u00edces\u00bb con un vibrante baile, y la impresionante interpretaci\u00f3n musical de una estudiante fueron los puntos culminantes del evento. Las autoridades presentes elogiaron los esfuerzos de los directivos del plantel por promover los valores c\u00edvicos y morales entre los estudiantes.<\/p>\n<p>La autoridad provincial, Alberto Molina Flores expres\u00f3 su emoci\u00f3n al presenciar la dedicaci\u00f3n de la juventud y reiter\u00f3 su compromiso de respaldar iniciativas que conduzcan al nuevo Ecuador. \u00abTienen un compromiso con la Patria, y como autoridad, seguir\u00e9 apoyando todo lo que nos encamine hacia un mejor futuro\u00bb, afirm\u00f3.<\/p>\n<p>La subsecretaria de Educaci\u00f3n, Daniela Febres-Cordero, subray\u00f3 la importancia de los minutos c\u00edvicos como manifestaci\u00f3n de respeto y destac\u00f3 la necesidad de que los estudiantes comprendan sus deberes para con la naci\u00f3n. En este sentido, el evento se consolid\u00f3 como un espacio significativo para fortalecer el conocimiento y el compromiso c\u00edvico de la comunidad estudiantil.<\/p>\n","protected":false},"excerpt":{"rendered":"<p>Guayaquil.- En un emotivo acto c\u00edvico, el gobernador del Guayas, Alberto Molina Flores, encabez\u00f3 el minuto c\u00edvico semanal en el Colegio Fiscal C\u00e9sar Borja Lavayen, congregando a 300 estudiantes, docentes y autoridades locales. La jornada, destinada a rendir honores a los s\u00edmbolos patrios, fue enriquecida con destacadas participaciones. La banda de paz, un inspirador acr\u00f3stico [&hellip;]<\/p>\n","protected":false},"author":2,"featured_media":8578,"comment_status":"open","ping_status":"closed","sticky":false,"template":"","format":"standard","meta":{"_jetpack_memberships_contains_paid_content":false,"footnotes":""},"categories":[13],"tags":[1355,1370],"class_list":["post-8577","post","type-post","status-publish","format-standard","has-post-thumbnail","hentry","category-noticias-nacionales","tag-alberto-molina-flores","tag-gobernador-del-guayas"],"jetpack_featured_media_url":"https:\/\/radiocresatelital.com\/wp-content\/uploads\/2023\/12\/df3e2fa5-73d0-4af1-b8a8-27f0675d7dc0.jpeg","jetpack_sharing_enabled":true,"_links":{"self":[{"href":"https:\/\/radiocresatelital.com\/index.php?rest_route=\/wp\/v2\/posts\/8577","targetHints":{"allow":["GET"]}}],"collection":[{"href":"https:\/\/radiocresatelital.com\/index.php?rest_route=\/wp\/v2\/posts"}],"about":[{"href":"https:\/\/radiocresatelital.com\/index.php?rest_route=\/wp\/v2\/types\/post"}],"author":[{"embeddable":true,"href":"https:\/\/radiocresatelital.com\/index.php?rest_route=\/wp\/v2\/users\/2"}],"replies":[{"embeddable":true,"href":"https:\/\/radiocresatelital.com\/index.php?rest_route=%2Fwp%2Fv2%2Fcomments&post=8577"}],"version-history":[{"count":1,"href":"https:\/\/radiocresatelital.com\/index.php?rest_route=\/wp\/v2\/posts\/8577\/revisions"}],"predecessor-version":[{"id":8579,"href":"https:\/\/radiocresatelital.com\/index.php?rest_route=\/wp\/v2\/posts\/8577\/revisions\/8579"}],"wp:featuredmedia":[{"embeddable":true,"href":"https:\/\/radiocresatelital.com\/index.php?rest_route=\/wp\/v2\/media\/8578"}],"wp:attachment":[{"href":"https:\/\/radiocresatelital.com\/index.php?rest_route=%2Fwp%2Fv2%2Fmedia&parent=8577"}],"wp:term":[{"taxonomy":"category","embeddable":true,"href":"https:\/\/radiocresatelital.com\/index.php?rest_route=%2Fwp%2Fv2%2Fcategories&post=8577"},{"taxonomy":"post_tag","embeddable":true,"href":"https:\/\/radiocresatelital.com\/index.php?rest_route=%2Fwp%2Fv2%2Ftags&post=8577"}],"curies":[{"name":"wp","href":"https:\/\/api.w.org\/{rel}","templated":true}]}}