{"id":8533,"date":"2023-12-08T21:19:38","date_gmt":"2023-12-08T21:19:38","guid":{"rendered":"https:\/\/radiocresatelital.com\/?p=8533"},"modified":"2023-12-08T21:19:38","modified_gmt":"2023-12-08T21:19:38","slug":"hospital-teofilo-davila-realizo-evento-por-el-dia-internacional-de-las-discapacidades","status":"publish","type":"post","link":"https:\/\/radiocresatelital.com\/?p=8533","title":{"rendered":"Hospital Te\u00f3filo D\u00e1vila realiz\u00f3 evento por el D\u00eda Internacional de las Discapacidades"},"content":{"rendered":"<p>Machala.- En el marco del D\u00eda Internacional de las Personas con Discapacidad, en el Hospital Te\u00f3filo D\u00e1vila se busca concienciar sobre su situaci\u00f3n y fomentar su inclusi\u00f3n en todos los \u00e1mbitos de la sociedad. En este a\u00f1o 2023, el lema escogido es \u201cUnidad para rescatar y alcanzar los Objetivos de Desarrollo Sostenible para, con y por las personas con discapacidad\u201d.<\/p>\n<p>Un aproximado de 200 pacientes con discapacidad del Hospital General Te\u00f3filo D\u00e1vila de Machala, conmemoraron el D\u00eda Internacional de las Personas con Discapacidad. Acto realizado por el Departamento de Medicina F\u00edsica y Rehabilitaci\u00f3n.<\/p>\n<p>Mar\u00eda Alexandra Bustamante, Gerente encargada del Hospital Te\u00f3filo D\u00e1vila, dio apertura a este importante acto en el que se destac\u00f3 el trabajo que realiza el Ministerio de Salud P\u00fablica, para rehabilitar a los pacientes que presentan alguna discapacidad.<br \/>\nEl Hospital Te\u00f3filo D\u00e1vila atiende pacientes con discapacidad f\u00edsica, auditiva, con autismo, asperger, intelectual, s\u00edndrome de Down, entre otras. Las terapias que se dan en esta casa de salud son: terapia de lenguaje, terapias f\u00edsicas, terapias ocupacionales, terapias respiratorias, entre otras.<\/p>\n<p>En el HTD tambi\u00e9n se entregan ayudas t\u00e9cnicas a trav\u00e9s del Departamento de Audiolog\u00eda para las personas con p\u00e9rdidas auditivas. La fisiatra de la instituci\u00f3n brinda terapias peri\u00f3dicas a los pacientes con Parkinson.<\/p>\n<p>Margot Guerrero, terapista de lenguaje, quien organiz\u00f3 el evento inform\u00f3 que todos los a\u00f1os se realiza un acto alusivo a la fecha, para hacer hincapi\u00e9 en la igualdad, los derechos y el bienestar de quienes tienen alguna discapacidad.<\/p>\n<p>\u201cRealizamos este acto en donde buscamos que los ni\u00f1os y los adultos con discapacidad tengan una participaci\u00f3n activa y demostrar sus avances con el tratamiento que reciben en esta casa de salud. Adem\u00e1s, ratific\u00f3 la lucha sobre los derechos que son inclaudicables, porque estas personas necesitan todo nuestro apoyo para que ellos puedan subir un pelda\u00f1o o dos pelda\u00f1os en su recuperaci\u00f3n\u201d, dijo Guerrero.<\/p>\n<p>Durante el evento se present\u00f3 Paquito polic\u00eda y se dieron recomendaciones para evitar actos delictivos. Tambi\u00e9n hubo la presentaci\u00f3n de algunos n\u00fameros art\u00edsticos, realizados por ni\u00f1os con discapacidad que han adquirido habilidades como bailar, cantar y dibujar.<\/p>\n<p>Adem\u00e1s, se entregaron algunos obsequios a los presentes, los cuales fueron donados por el personal m\u00e9dico y administrativo de la instituci\u00f3n.<\/p>\n","protected":false},"excerpt":{"rendered":"<p>Machala.- En el marco del D\u00eda Internacional de las Personas con Discapacidad, en el Hospital Te\u00f3filo D\u00e1vila se busca concienciar sobre su situaci\u00f3n y fomentar su inclusi\u00f3n en todos los \u00e1mbitos de la sociedad. En este a\u00f1o 2023, el lema escogido es \u201cUnidad para rescatar y alcanzar los Objetivos de Desarrollo Sostenible para, con y [&hellip;]<\/p>\n","protected":false},"author":2,"featured_media":8534,"comment_status":"open","ping_status":"closed","sticky":false,"template":"","format":"standard","meta":{"_jetpack_memberships_contains_paid_content":false,"footnotes":""},"categories":[13],"tags":[1366,448,1404],"class_list":["post-8533","post","type-post","status-publish","format-standard","has-post-thumbnail","hentry","category-noticias-nacionales","tag-dia-internacional","tag-hospital-teofilo-davila","tag-personas-con-discapacidad"],"jetpack_featured_media_url":"https:\/\/radiocresatelital.com\/wp-content\/uploads\/2023\/12\/70bef5d0-978e-4262-afcd-30375602eace.jpeg","jetpack_sharing_enabled":true,"_links":{"self":[{"href":"https:\/\/radiocresatelital.com\/index.php?rest_route=\/wp\/v2\/posts\/8533","targetHints":{"allow":["GET"]}}],"collection":[{"href":"https:\/\/radiocresatelital.com\/index.php?rest_route=\/wp\/v2\/posts"}],"about":[{"href":"https:\/\/radiocresatelital.com\/index.php?rest_route=\/wp\/v2\/types\/post"}],"author":[{"embeddable":true,"href":"https:\/\/radiocresatelital.com\/index.php?rest_route=\/wp\/v2\/users\/2"}],"replies":[{"embeddable":true,"href":"https:\/\/radiocresatelital.com\/index.php?rest_route=%2Fwp%2Fv2%2Fcomments&post=8533"}],"version-history":[{"count":1,"href":"https:\/\/radiocresatelital.com\/index.php?rest_route=\/wp\/v2\/posts\/8533\/revisions"}],"predecessor-version":[{"id":8535,"href":"https:\/\/radiocresatelital.com\/index.php?rest_route=\/wp\/v2\/posts\/8533\/revisions\/8535"}],"wp:featuredmedia":[{"embeddable":true,"href":"https:\/\/radiocresatelital.com\/index.php?rest_route=\/wp\/v2\/media\/8534"}],"wp:attachment":[{"href":"https:\/\/radiocresatelital.com\/index.php?rest_route=%2Fwp%2Fv2%2Fmedia&parent=8533"}],"wp:term":[{"taxonomy":"category","embeddable":true,"href":"https:\/\/radiocresatelital.com\/index.php?rest_route=%2Fwp%2Fv2%2Fcategories&post=8533"},{"taxonomy":"post_tag","embeddable":true,"href":"https:\/\/radiocresatelital.com\/index.php?rest_route=%2Fwp%2Fv2%2Ftags&post=8533"}],"curies":[{"name":"wp","href":"https:\/\/api.w.org\/{rel}","templated":true}]}}