{"id":8492,"date":"2023-12-07T22:59:34","date_gmt":"2023-12-07T22:59:34","guid":{"rendered":"https:\/\/radiocresatelital.com\/?p=8492"},"modified":"2023-12-07T22:59:34","modified_gmt":"2023-12-07T22:59:34","slug":"con-exito-se-desarrollo-la-capacitacion-de-implementacion-de-metodologias-para-deportistas-con-discapacidad","status":"publish","type":"post","link":"https:\/\/radiocresatelital.com\/?p=8492","title":{"rendered":"Con \u00e9xito se desarroll\u00f3 la capacitaci\u00f3n de Implementaci\u00f3n de Metodolog\u00edas para Deportistas con Discapacidad"},"content":{"rendered":"<p>Quito.- Las jornadas de Deporte para el Desarrollo y la Jornada de Implementaci\u00f3n de Metodolog\u00edas para Deportistas con Discapacidad, termin\u00f3 con gran \u00e9xito marcando un hito en la colaboraci\u00f3n entre Ecuador y Francia. Bajo el liderazgo del Ministro del Deporte, Andr\u00e9s Guschmer, y el Embajador de Francia en Ecuador, Fr\u00e9d\u00e9ric Desagneaux.<\/p>\n<p>Durante esta semana, deportistas, entrenadores y federaciones deportivas por discapacidad participaron activamente en capacitaciones lideradas por los expertos franceses Nicol\u00e1s Berland y Marion Zacharie.<\/p>\n<p>A lo largo de cuatro d\u00edas, se llevaron a cabo actividades pr\u00e1cticas y talleres para explorar nuevas estrategias y metodolog\u00edas aplicables en su trabajo deportivo.<\/p>\n<p>La clausura de estas jornadas estuvo a cargo del Viceministro del Deporte, Geovanny C\u00e1rdenas. Su destacada participaci\u00f3n en el cierre de este evento, tuvo como objetivo subrayar el compromiso continuo de las autoridades en el impulso de iniciativas inclusivas y transformadoras.<\/p>\n<p>\u201cNo solo buscamos logros deportivos, sino tambi\u00e9n estamos muy comprometidos a seguir ayudando con esta inclusi\u00f3n en el \u00e1mbito deportivo\u201d expres\u00f3 C\u00e1rdenas.<\/p>\n<p>Este encuentro refuerza las relaciones internacionales entre Ecuador y Francia, marcando eventos y alianzas estrat\u00e9gicas previas a los Juegos Ol\u00edmpicos de Par\u00eds 2024.<\/p>\n<p>\u00a1Trabajamos juntos para fortalecer en deporte adaptado en el Nuevo Ecuador!<\/p>\n","protected":false},"excerpt":{"rendered":"<p>Quito.- Las jornadas de Deporte para el Desarrollo y la Jornada de Implementaci\u00f3n de Metodolog\u00edas para Deportistas con Discapacidad, termin\u00f3 con gran \u00e9xito marcando un hito en la colaboraci\u00f3n entre Ecuador y Francia. Bajo el liderazgo del Ministro del Deporte, Andr\u00e9s Guschmer, y el Embajador de Francia en Ecuador, Fr\u00e9d\u00e9ric Desagneaux. Durante esta semana, deportistas, [&hellip;]<\/p>\n","protected":false},"author":2,"featured_media":8493,"comment_status":"open","ping_status":"closed","sticky":false,"template":"","format":"standard","meta":{"_jetpack_memberships_contains_paid_content":false,"footnotes":""},"categories":[9],"tags":[169],"class_list":["post-8492","post","type-post","status-publish","format-standard","has-post-thumbnail","hentry","category-deportes","tag-ministerio-del-deporte"],"jetpack_featured_media_url":"https:\/\/radiocresatelital.com\/wp-content\/uploads\/2023\/12\/53382236938_21b16f29c0_c.jpg","jetpack_sharing_enabled":true,"_links":{"self":[{"href":"https:\/\/radiocresatelital.com\/index.php?rest_route=\/wp\/v2\/posts\/8492","targetHints":{"allow":["GET"]}}],"collection":[{"href":"https:\/\/radiocresatelital.com\/index.php?rest_route=\/wp\/v2\/posts"}],"about":[{"href":"https:\/\/radiocresatelital.com\/index.php?rest_route=\/wp\/v2\/types\/post"}],"author":[{"embeddable":true,"href":"https:\/\/radiocresatelital.com\/index.php?rest_route=\/wp\/v2\/users\/2"}],"replies":[{"embeddable":true,"href":"https:\/\/radiocresatelital.com\/index.php?rest_route=%2Fwp%2Fv2%2Fcomments&post=8492"}],"version-history":[{"count":1,"href":"https:\/\/radiocresatelital.com\/index.php?rest_route=\/wp\/v2\/posts\/8492\/revisions"}],"predecessor-version":[{"id":8494,"href":"https:\/\/radiocresatelital.com\/index.php?rest_route=\/wp\/v2\/posts\/8492\/revisions\/8494"}],"wp:featuredmedia":[{"embeddable":true,"href":"https:\/\/radiocresatelital.com\/index.php?rest_route=\/wp\/v2\/media\/8493"}],"wp:attachment":[{"href":"https:\/\/radiocresatelital.com\/index.php?rest_route=%2Fwp%2Fv2%2Fmedia&parent=8492"}],"wp:term":[{"taxonomy":"category","embeddable":true,"href":"https:\/\/radiocresatelital.com\/index.php?rest_route=%2Fwp%2Fv2%2Fcategories&post=8492"},{"taxonomy":"post_tag","embeddable":true,"href":"https:\/\/radiocresatelital.com\/index.php?rest_route=%2Fwp%2Fv2%2Ftags&post=8492"}],"curies":[{"name":"wp","href":"https:\/\/api.w.org\/{rel}","templated":true}]}}