{"id":8464,"date":"2023-12-07T20:53:16","date_gmt":"2023-12-07T20:53:16","guid":{"rendered":"https:\/\/radiocresatelital.com\/?p=8464"},"modified":"2023-12-07T20:53:16","modified_gmt":"2023-12-07T20:53:16","slug":"el-karting-de-guayas-ya-tiene-a-sus-campeones","status":"publish","type":"post","link":"https:\/\/radiocresatelital.com\/?p=8464","title":{"rendered":"El karting de Guayas ya tiene a sus campeones"},"content":{"rendered":"<p>Guayaquil..- Cay\u00f3 el tel\u00f3n del Torneo Provincial de Karting 2023 con buenos resultados, no solo para los pilotos que se coronaron campeones en sus respectivas categor\u00edas, sino tambi\u00e9n para los organizadores que pudieron cerrar una nueva temporada con un incremento de los amantes del deporte tuerca, en la pista y fuera de ella.<\/p>\n<p>En la \u00faltima jornada del certamen no hubo sorpresas. Carlos Heredia obtuvo la pole position, y en la prefinal dio dura batalla, pero fue superado por Leonidas Drouet, quien en la final ampli\u00f3 su ventaja, asegurando as\u00ed el t\u00edtulo en la divisi\u00f3n senior y dejando el subcampeonato para Heredia, mientras que Cristian San Mart\u00edn remat\u00f3 en la tercera posici\u00f3n.<\/p>\n<p>Entre los master el mejor del a\u00f1o fue Ismael Pesantes, quien super\u00f3 a Richard Benitez y a Toyo Cabrera.<\/p>\n<p>En la divisi\u00f3n junior tambi\u00e9n se vivieron interesantes duelos, pero al final de la temporada el que m\u00e1s puntos sum\u00f3 fue Mat\u00edas Cabrera. Jos\u00e9 Miguel Boh\u00f3rquez y Rafael Peralta completaron el podio.<\/p>\n<p>Sin lugar a dudas lo que m\u00e1s satisfacci\u00f3n brind\u00f3 a la diligencia del Guayaquil Karting Club fue el desarrollo de los semilleros.<br \/>\nEl nivel de los peque\u00f1os deportistas fue tan alto que en las dos \u00faltimas jornadas el arribo a la meta de los primeros emocion\u00f3 a los aficionados presentes en el circuito guayaquile\u00f1o, por la escasa diferencia entre los monoplazas.<\/p>\n<p>Alejandro Taleb, el menor de la categor\u00eda mini se llev\u00f3 la corona. Sebasti\u00e1n Saab y Alejandra Qui\u00f1\u00f3nez fueron sus escoltas.<br \/>\nEn la micro el cetro qued\u00f3 en manos de Kaleth Alvarado.<\/p>\n<p>El \u00faltimo evento del 2023 ser\u00e1 la premiaci\u00f3n de todos los ganadores, esperando que el a\u00f1o venidero la familia del karting mantenga su constante crecimiento.<\/p>\n","protected":false},"excerpt":{"rendered":"<p>Guayaquil..- Cay\u00f3 el tel\u00f3n del Torneo Provincial de Karting 2023 con buenos resultados, no solo para los pilotos que se coronaron campeones en sus respectivas categor\u00edas, sino tambi\u00e9n para los organizadores que pudieron cerrar una nueva temporada con un incremento de los amantes del deporte tuerca, en la pista y fuera de ella. En la [&hellip;]<\/p>\n","protected":false},"author":2,"featured_media":8465,"comment_status":"open","ping_status":"closed","sticky":false,"template":"","format":"standard","meta":{"_jetpack_memberships_contains_paid_content":false,"footnotes":""},"categories":[9,658],"tags":[1445],"class_list":["post-8464","post","type-post","status-publish","format-standard","has-post-thumbnail","hentry","category-deportes","category-karting","tag-torneo-provincial-de-karting"],"jetpack_featured_media_url":"https:\/\/radiocresatelital.com\/wp-content\/uploads\/2023\/12\/f2f32def-f38e-404d-b88d-b27d65aea86b.jpg","jetpack_sharing_enabled":true,"_links":{"self":[{"href":"https:\/\/radiocresatelital.com\/index.php?rest_route=\/wp\/v2\/posts\/8464","targetHints":{"allow":["GET"]}}],"collection":[{"href":"https:\/\/radiocresatelital.com\/index.php?rest_route=\/wp\/v2\/posts"}],"about":[{"href":"https:\/\/radiocresatelital.com\/index.php?rest_route=\/wp\/v2\/types\/post"}],"author":[{"embeddable":true,"href":"https:\/\/radiocresatelital.com\/index.php?rest_route=\/wp\/v2\/users\/2"}],"replies":[{"embeddable":true,"href":"https:\/\/radiocresatelital.com\/index.php?rest_route=%2Fwp%2Fv2%2Fcomments&post=8464"}],"version-history":[{"count":1,"href":"https:\/\/radiocresatelital.com\/index.php?rest_route=\/wp\/v2\/posts\/8464\/revisions"}],"predecessor-version":[{"id":8466,"href":"https:\/\/radiocresatelital.com\/index.php?rest_route=\/wp\/v2\/posts\/8464\/revisions\/8466"}],"wp:featuredmedia":[{"embeddable":true,"href":"https:\/\/radiocresatelital.com\/index.php?rest_route=\/wp\/v2\/media\/8465"}],"wp:attachment":[{"href":"https:\/\/radiocresatelital.com\/index.php?rest_route=%2Fwp%2Fv2%2Fmedia&parent=8464"}],"wp:term":[{"taxonomy":"category","embeddable":true,"href":"https:\/\/radiocresatelital.com\/index.php?rest_route=%2Fwp%2Fv2%2Fcategories&post=8464"},{"taxonomy":"post_tag","embeddable":true,"href":"https:\/\/radiocresatelital.com\/index.php?rest_route=%2Fwp%2Fv2%2Ftags&post=8464"}],"curies":[{"name":"wp","href":"https:\/\/api.w.org\/{rel}","templated":true}]}}