{"id":8438,"date":"2023-12-07T16:54:46","date_gmt":"2023-12-07T16:54:46","guid":{"rendered":"https:\/\/radiocresatelital.com\/?p=8438"},"modified":"2023-12-07T20:11:35","modified_gmt":"2023-12-07T20:11:35","slug":"hay-mas-de-205-mil-estudiantes-que-han-abandonado-las-aulas-y-estan-en-las-calles-hay-que-reinsertarlos-jorge-escala","status":"publish","type":"post","link":"https:\/\/radiocresatelital.com\/?p=8438","title":{"rendered":"Hay m\u00e1s de 205 mil estudiantes que han abandonado las aulas y est\u00e1n en las calles, hay que reinsertarlos, Jorge Escala"},"content":{"rendered":"<p>Guayaquil.-\u00a0 El profesor Jorge Escala, Director de la Uni\u00f3n Nacional de Educadores, len entrevista exclusiva con CRE SATELITAL, ament\u00f3 el estado en el que esta el sistema educativo \u00ablo que pasa en las instituciones educativas es el fiel reflejo de lo que vivimos como sociedad, atravesamos una descomposici\u00f3n moral y\u00e9tica, que son producto de la pobreza, la desigualdad, las que provocan violencia de toda \u00edndole que se ven reflejadas en la educaci\u00f3n y se intensifican con problemas de extorsi\u00f3n.<\/p>\n<p>\u00abNosotros podemos informar sobre la situaci\u00f3n de alg\u00fan estudiante que tiene problemas y genera inconvenientes para los maestros u otros estudiantes, y lo que ocurre es que inmediatamente recibimos una intimidaci\u00f3n o una amenaza, con doble impacto, la una de los involucrados como padres de familia y la otra del distrito, porque tambi\u00e9n nos intimidan ah\u00ed, nos piden que no denunciemos, que cambiemos informes a cambio de darnos 3 d\u00edas de permiso para que nos reintegremos al cuarto d\u00eda, en el cual, simplemente nos volvemos a encontrar con nuestro agresor, por eso ya han habido casos hasta de secuestro a profesores. Y la respuesta del distrito es la amenaza de destituirnos sino nos reintegramos al cuarto d\u00eda\u00bb, denuncia Escala.<\/p>\n<p>\u00abQuienes est\u00e1n como directores distritales vienen desde la \u00e9poca del correato, han ido dando la vuelta en distintos cargos dentro del ministerio, pero no resuelven ning\u00fan problema del sistema educativo, m\u00e1s bien se suman al acoso que sufren los profesores. El actual Ministro de Educaci\u00f3n, Daniel Calder\u00f3n, no se ha pronunciado respecto a los problemas que viene atravesando la educaci\u00f3n y tampoco cambia a los funcionarios que vienen desde la \u00e9poca del corre\u00edsmo\u00bb asever\u00f3 el dirigente del magisterio.<\/p>\n<p>Escala insiste en un juicio pol\u00edtico a la ex ministra de Educaci\u00f3n, Dra. Mar\u00eda Brown, porque nunca detall\u00f3 ni cumpli\u00f3 con el plan de seguridad para las instituciones educativas ni con la reinserci\u00f3n escolar. Indic\u00f3 que actualmente existen m\u00e1s de 205 mil estudiantes que han abandonado el sistema de educaci\u00f3n, lo cual los convierte en integrantes ideales para que las bandas delictivas los recluten, \u00abNecesitamos que los estudiantes est\u00e9n en las aulas no en las calles\u00bb.<\/p>\n<p>Finalmente el dirigente del magisterio, dijo que se han reunido con el Gobernador del Guayas, Alberto Molina y con la Subsecretaria de Educaci\u00f3n, Daniela Febres Cordero para trabajar en un plan que reduzca la violencia dentro de los planteles educativos. As\u00ed mismo inform\u00f3 que han remitido comunicaciones a Carondelet y al Ministerio de Educaci\u00f3n denunciando la situaci\u00f3n y planteando alternativas de soluci\u00f3n, ante lo cual est\u00e1n a la espera de las respuestas.<\/p>\n","protected":false},"excerpt":{"rendered":"<p>Guayaquil.-\u00a0 El profesor Jorge Escala, Director de la Uni\u00f3n Nacional de Educadores, len entrevista exclusiva con CRE SATELITAL, ament\u00f3 el estado en el que esta el sistema educativo \u00ablo que pasa en las instituciones educativas es el fiel reflejo de lo que vivimos como sociedad, atravesamos una descomposici\u00f3n moral y\u00e9tica, que son producto de la [&hellip;]<\/p>\n","protected":false},"author":3,"featured_media":8443,"comment_status":"open","ping_status":"closed","sticky":false,"template":"","format":"standard","meta":{"_jetpack_memberships_contains_paid_content":false,"footnotes":""},"categories":[13],"tags":[1440],"class_list":["post-8438","post","type-post","status-publish","format-standard","has-post-thumbnail","hentry","category-noticias-nacionales","tag-jorge-escala"],"jetpack_featured_media_url":"https:\/\/radiocresatelital.com\/wp-content\/uploads\/2023\/12\/6193172965_89d11cfcb4_b.jpg","jetpack_sharing_enabled":true,"_links":{"self":[{"href":"https:\/\/radiocresatelital.com\/index.php?rest_route=\/wp\/v2\/posts\/8438","targetHints":{"allow":["GET"]}}],"collection":[{"href":"https:\/\/radiocresatelital.com\/index.php?rest_route=\/wp\/v2\/posts"}],"about":[{"href":"https:\/\/radiocresatelital.com\/index.php?rest_route=\/wp\/v2\/types\/post"}],"author":[{"embeddable":true,"href":"https:\/\/radiocresatelital.com\/index.php?rest_route=\/wp\/v2\/users\/3"}],"replies":[{"embeddable":true,"href":"https:\/\/radiocresatelital.com\/index.php?rest_route=%2Fwp%2Fv2%2Fcomments&post=8438"}],"version-history":[{"count":2,"href":"https:\/\/radiocresatelital.com\/index.php?rest_route=\/wp\/v2\/posts\/8438\/revisions"}],"predecessor-version":[{"id":8444,"href":"https:\/\/radiocresatelital.com\/index.php?rest_route=\/wp\/v2\/posts\/8438\/revisions\/8444"}],"wp:featuredmedia":[{"embeddable":true,"href":"https:\/\/radiocresatelital.com\/index.php?rest_route=\/wp\/v2\/media\/8443"}],"wp:attachment":[{"href":"https:\/\/radiocresatelital.com\/index.php?rest_route=%2Fwp%2Fv2%2Fmedia&parent=8438"}],"wp:term":[{"taxonomy":"category","embeddable":true,"href":"https:\/\/radiocresatelital.com\/index.php?rest_route=%2Fwp%2Fv2%2Fcategories&post=8438"},{"taxonomy":"post_tag","embeddable":true,"href":"https:\/\/radiocresatelital.com\/index.php?rest_route=%2Fwp%2Fv2%2Ftags&post=8438"}],"curies":[{"name":"wp","href":"https:\/\/api.w.org\/{rel}","templated":true}]}}