{"id":8435,"date":"2023-12-07T16:13:45","date_gmt":"2023-12-07T16:13:45","guid":{"rendered":"https:\/\/radiocresatelital.com\/?p=8435"},"modified":"2023-12-07T20:07:40","modified_gmt":"2023-12-07T20:07:40","slug":"zonas-francas-del-ecuador-contaran-con-energia-limpia-entre-otras-innovaciones-somsoles-garcia","status":"publish","type":"post","link":"https:\/\/radiocresatelital.com\/?p=8435","title":{"rendered":"Zonas Francas del Ecuador contar\u00e1n con energ\u00eda limpia entre otras innovaciones, Somsoles Garc\u00eda"},"content":{"rendered":"<p>Quito.- Las nuevas autoridades del Ecuador, poco a poco detallan la forma en la que se aplicar\u00edan los cambios que proponen. As\u00ed Somsoles Garc\u00eda, Ministra de Producci\u00f3n, explic\u00f3 algunas de las condiciones en las que se desarrollar\u00edan las Zonas Francas propuestas por el ejecutivo en la Ley de Eficiencia Econ\u00f3mica y Generaci\u00f3n de Empleo.<\/p>\n<p>Las Zonas Francas son espacios donde se ponen empresas de bienes y servicios con fines de encadenamiento productivo, generaci\u00f3n de empleo, transferencia de tecnolog\u00eda y otros, indica Garc\u00eda en entrevista con Ecuador Tv.<\/p>\n<p>La ministra explic\u00f3 que una de las situaciones innovadoras es que el sector privado impulse el comercio en estas zonas francas. \u201cHay empresas que se dedican al desarrollo de zonas francas y se comunicarlas al mundo\u2026 Dependiendo de donde el privado cree que est\u00e1\u201d.<\/p>\n<p>Otra innovaci\u00f3n tecnol\u00f3gica ser\u00eda la forma en la que se provean de energ\u00eda el\u00e9ctrica estos espacios. \u201cPor ejemplo, a lado de un recurso natural. Ecuador quiere convertirse en el primer pa\u00eds de la regi\u00f3n con zonas francas de energ\u00eda renovable no convencional para que no caigamos nuevamente en esta crisis energ\u00e9tica sino que nos convirtamos en un referente de exportaci\u00f3n de energ\u00eda limpia\u201d y agreg\u00f3 que\u00a0si un proyecto de energ\u00eda solar requiere un lugar donde hay m\u00e1s captaci\u00f3n de sol pues se le dar\u00e1 la calificaci\u00f3n.<\/p>\n","protected":false},"excerpt":{"rendered":"<p>Quito.- Las nuevas autoridades del Ecuador, poco a poco detallan la forma en la que se aplicar\u00edan los cambios que proponen. As\u00ed Somsoles Garc\u00eda, Ministra de Producci\u00f3n, explic\u00f3 algunas de las condiciones en las que se desarrollar\u00edan las Zonas Francas propuestas por el ejecutivo en la Ley de Eficiencia Econ\u00f3mica y Generaci\u00f3n de Empleo. Las [&hellip;]<\/p>\n","protected":false},"author":3,"featured_media":8442,"comment_status":"open","ping_status":"closed","sticky":false,"template":"","format":"standard","meta":{"_jetpack_memberships_contains_paid_content":false,"footnotes":""},"categories":[13],"tags":[1438,1439],"class_list":["post-8435","post","type-post","status-publish","format-standard","has-post-thumbnail","hentry","category-noticias-nacionales","tag-ministra-de-produccion","tag-somsoles-garcia"],"jetpack_featured_media_url":"https:\/\/radiocresatelital.com\/wp-content\/uploads\/2023\/12\/f22979c5b6c0ecef6b519792b3c9ea41_XL.jpg","jetpack_sharing_enabled":true,"_links":{"self":[{"href":"https:\/\/radiocresatelital.com\/index.php?rest_route=\/wp\/v2\/posts\/8435","targetHints":{"allow":["GET"]}}],"collection":[{"href":"https:\/\/radiocresatelital.com\/index.php?rest_route=\/wp\/v2\/posts"}],"about":[{"href":"https:\/\/radiocresatelital.com\/index.php?rest_route=\/wp\/v2\/types\/post"}],"author":[{"embeddable":true,"href":"https:\/\/radiocresatelital.com\/index.php?rest_route=\/wp\/v2\/users\/3"}],"replies":[{"embeddable":true,"href":"https:\/\/radiocresatelital.com\/index.php?rest_route=%2Fwp%2Fv2%2Fcomments&post=8435"}],"version-history":[{"count":1,"href":"https:\/\/radiocresatelital.com\/index.php?rest_route=\/wp\/v2\/posts\/8435\/revisions"}],"predecessor-version":[{"id":8437,"href":"https:\/\/radiocresatelital.com\/index.php?rest_route=\/wp\/v2\/posts\/8435\/revisions\/8437"}],"wp:featuredmedia":[{"embeddable":true,"href":"https:\/\/radiocresatelital.com\/index.php?rest_route=\/wp\/v2\/media\/8442"}],"wp:attachment":[{"href":"https:\/\/radiocresatelital.com\/index.php?rest_route=%2Fwp%2Fv2%2Fmedia&parent=8435"}],"wp:term":[{"taxonomy":"category","embeddable":true,"href":"https:\/\/radiocresatelital.com\/index.php?rest_route=%2Fwp%2Fv2%2Fcategories&post=8435"},{"taxonomy":"post_tag","embeddable":true,"href":"https:\/\/radiocresatelital.com\/index.php?rest_route=%2Fwp%2Fv2%2Ftags&post=8435"}],"curies":[{"name":"wp","href":"https:\/\/api.w.org\/{rel}","templated":true}]}}