{"id":8432,"date":"2023-12-07T13:19:46","date_gmt":"2023-12-07T13:19:46","guid":{"rendered":"https:\/\/radiocresatelital.com\/?p=8432"},"modified":"2023-12-07T20:08:21","modified_gmt":"2023-12-07T20:08:21","slug":"guayaquil-llego-el-fenomeno-del-nino","status":"publish","type":"post","link":"https:\/\/radiocresatelital.com\/?p=8432","title":{"rendered":"Guayaquil: LLeg\u00f3 el Fen\u00f3meno del Ni\u00f1o"},"content":{"rendered":"<p>Guayaquil.-\u00a0 Desde las \u00faltimas horas de ayer, Guayaquil soport\u00f3 una lluvia de mediana intensidad que dur\u00f3 pr\u00e1cticamente toda la madrugada, lo que ocasion\u00f3 inundaciones en diferentes sectores con los correspondientes riesgos y molestias, como carros da\u00f1ados, un \u00e1rbol ca\u00eddo y retrasos matutinos para llegar a los planteles educativos y a los lugares de trabajo.<\/p>\n<p>La Empresa P\u00fablica Municipal para la Gesti\u00f3n de Riesgos y Control de Seguridad de Guayaquil (Segura),\u00a0 advirti\u00f3 acumulaci\u00f3n de agua en la Ave. Modesto Luque, en la v\u00eda Perimetral y humedad en las avenidas 9 de Octubre,\u00a0Quito, Sim\u00f3n Bol\u00edvar y Francisco de Orellana.<\/p>\n<p>Los cantones de Daule, Samborond\u00f3n y Dur\u00e1n, cercanos a Guayaquil, tambi\u00e9n experimentaron lluvias de mediana intensidad durante la madrugada.<\/p>\n<p>El Instituto Nacional de Hidrolog\u00eda y Meteorolog\u00eda (Inamhi) pronostica lluvias de variada intensidad en la regi\u00f3n norte e interior de la Costa, en el norte y sur de la Sierra y en la estribaci\u00f3n de la cordillera amaz\u00f3nica.<\/p>\n","protected":false},"excerpt":{"rendered":"<p>Guayaquil.-\u00a0 Desde las \u00faltimas horas de ayer, Guayaquil soport\u00f3 una lluvia de mediana intensidad que dur\u00f3 pr\u00e1cticamente toda la madrugada, lo que ocasion\u00f3 inundaciones en diferentes sectores con los correspondientes riesgos y molestias, como carros da\u00f1ados, un \u00e1rbol ca\u00eddo y retrasos matutinos para llegar a los planteles educativos y a los lugares de trabajo. La [&hellip;]<\/p>\n","protected":false},"author":3,"featured_media":8433,"comment_status":"open","ping_status":"closed","sticky":false,"template":"","format":"standard","meta":{"_jetpack_memberships_contains_paid_content":false,"footnotes":""},"categories":[33],"tags":[175],"class_list":["post-8432","post","type-post","status-publish","format-standard","has-post-thumbnail","hentry","category-guayaquil","tag-inamhi"],"jetpack_featured_media_url":"https:\/\/radiocresatelital.com\/wp-content\/uploads\/2023\/12\/guayaquil-llega-el-nino.jpg","jetpack_sharing_enabled":true,"_links":{"self":[{"href":"https:\/\/radiocresatelital.com\/index.php?rest_route=\/wp\/v2\/posts\/8432","targetHints":{"allow":["GET"]}}],"collection":[{"href":"https:\/\/radiocresatelital.com\/index.php?rest_route=\/wp\/v2\/posts"}],"about":[{"href":"https:\/\/radiocresatelital.com\/index.php?rest_route=\/wp\/v2\/types\/post"}],"author":[{"embeddable":true,"href":"https:\/\/radiocresatelital.com\/index.php?rest_route=\/wp\/v2\/users\/3"}],"replies":[{"embeddable":true,"href":"https:\/\/radiocresatelital.com\/index.php?rest_route=%2Fwp%2Fv2%2Fcomments&post=8432"}],"version-history":[{"count":1,"href":"https:\/\/radiocresatelital.com\/index.php?rest_route=\/wp\/v2\/posts\/8432\/revisions"}],"predecessor-version":[{"id":8434,"href":"https:\/\/radiocresatelital.com\/index.php?rest_route=\/wp\/v2\/posts\/8432\/revisions\/8434"}],"wp:featuredmedia":[{"embeddable":true,"href":"https:\/\/radiocresatelital.com\/index.php?rest_route=\/wp\/v2\/media\/8433"}],"wp:attachment":[{"href":"https:\/\/radiocresatelital.com\/index.php?rest_route=%2Fwp%2Fv2%2Fmedia&parent=8432"}],"wp:term":[{"taxonomy":"category","embeddable":true,"href":"https:\/\/radiocresatelital.com\/index.php?rest_route=%2Fwp%2Fv2%2Fcategories&post=8432"},{"taxonomy":"post_tag","embeddable":true,"href":"https:\/\/radiocresatelital.com\/index.php?rest_route=%2Fwp%2Fv2%2Ftags&post=8432"}],"curies":[{"name":"wp","href":"https:\/\/api.w.org\/{rel}","templated":true}]}}