{"id":8429,"date":"2023-12-06T22:47:03","date_gmt":"2023-12-06T22:47:03","guid":{"rendered":"https:\/\/radiocresatelital.com\/?p=8429"},"modified":"2023-12-06T22:47:03","modified_gmt":"2023-12-06T22:47:03","slug":"alcalde-de-guayaquil-se-refirio-a-temas-importantes-de-guayaquil-video","status":"publish","type":"post","link":"https:\/\/radiocresatelital.com\/?p=8429","title":{"rendered":"Alcalde de Guayaquil se refiri\u00f3 a temas importantes de Guayaquil (Video)"},"content":{"rendered":"<p>Guayaquil.- El Alcalde de Guayaquil, Aquiles \u00c1lvarez, realiz\u00f3 como todos los mi\u00e9rcoles en el enlace radial para comentar sobre los hechos que ha realizado como parte de su trabajo en la urbe porte\u00f1a.<\/p>\n<p>A continuaci\u00f3n reproducimos el enlace radial.<\/p>\n<div class=\"jetpack-video-wrapper\"><iframe loading=\"lazy\" title=\"ENLACE RADIAL CON EL ALCALDE  DE GUAYAQUIL   AQUILES ALVAREZ    6 \/ DICIEMBRE \/ 23\" width=\"640\" height=\"360\" src=\"https:\/\/www.youtube.com\/embed\/jgp1snB2k1I?feature=oembed\" frameborder=\"0\" allow=\"accelerometer; autoplay; clipboard-write; encrypted-media; gyroscope; picture-in-picture; web-share\" referrerpolicy=\"strict-origin-when-cross-origin\" allowfullscreen><\/iframe><\/div>\n","protected":false},"excerpt":{"rendered":"<p>Guayaquil.- El Alcalde de Guayaquil, Aquiles \u00c1lvarez, realiz\u00f3 como todos los mi\u00e9rcoles en el enlace radial para comentar sobre los hechos que ha realizado como parte de su trabajo en la urbe porte\u00f1a. A continuaci\u00f3n reproducimos el enlace radial.<\/p>\n","protected":false},"author":2,"featured_media":8430,"comment_status":"open","ping_status":"closed","sticky":false,"template":"","format":"standard","meta":{"_jetpack_memberships_contains_paid_content":false,"footnotes":""},"categories":[13],"tags":[669,14],"class_list":["post-8429","post","type-post","status-publish","format-standard","has-post-thumbnail","hentry","category-noticias-nacionales","tag-alcalde-de-guayaquil","tag-aquiles-alvarez"],"jetpack_featured_media_url":"https:\/\/radiocresatelital.com\/wp-content\/uploads\/2023\/12\/aquiles.jpg","jetpack_sharing_enabled":true,"_links":{"self":[{"href":"https:\/\/radiocresatelital.com\/index.php?rest_route=\/wp\/v2\/posts\/8429","targetHints":{"allow":["GET"]}}],"collection":[{"href":"https:\/\/radiocresatelital.com\/index.php?rest_route=\/wp\/v2\/posts"}],"about":[{"href":"https:\/\/radiocresatelital.com\/index.php?rest_route=\/wp\/v2\/types\/post"}],"author":[{"embeddable":true,"href":"https:\/\/radiocresatelital.com\/index.php?rest_route=\/wp\/v2\/users\/2"}],"replies":[{"embeddable":true,"href":"https:\/\/radiocresatelital.com\/index.php?rest_route=%2Fwp%2Fv2%2Fcomments&post=8429"}],"version-history":[{"count":1,"href":"https:\/\/radiocresatelital.com\/index.php?rest_route=\/wp\/v2\/posts\/8429\/revisions"}],"predecessor-version":[{"id":8431,"href":"https:\/\/radiocresatelital.com\/index.php?rest_route=\/wp\/v2\/posts\/8429\/revisions\/8431"}],"wp:featuredmedia":[{"embeddable":true,"href":"https:\/\/radiocresatelital.com\/index.php?rest_route=\/wp\/v2\/media\/8430"}],"wp:attachment":[{"href":"https:\/\/radiocresatelital.com\/index.php?rest_route=%2Fwp%2Fv2%2Fmedia&parent=8429"}],"wp:term":[{"taxonomy":"category","embeddable":true,"href":"https:\/\/radiocresatelital.com\/index.php?rest_route=%2Fwp%2Fv2%2Fcategories&post=8429"},{"taxonomy":"post_tag","embeddable":true,"href":"https:\/\/radiocresatelital.com\/index.php?rest_route=%2Fwp%2Fv2%2Ftags&post=8429"}],"curies":[{"name":"wp","href":"https:\/\/api.w.org\/{rel}","templated":true}]}}