{"id":8417,"date":"2023-12-06T21:30:36","date_gmt":"2023-12-06T21:30:36","guid":{"rendered":"https:\/\/radiocresatelital.com\/?p=8417"},"modified":"2023-12-06T21:30:36","modified_gmt":"2023-12-06T21:30:36","slug":"aglomerados-cotopaxi-fue-reconocida-por-el-ministerio-del-ambiente-agua-y-transicion-ecologica-por-cuantificar-su-huella-de-carbono-a-traves-del-programa-ecuador-carbono-cero","status":"publish","type":"post","link":"https:\/\/radiocresatelital.com\/?p=8417","title":{"rendered":"Aglomerados Cotopaxi fue reconocida por el Ministerio del Ambiente, Agua y Transici\u00f3n Ecol\u00f3gica por cuantificar su huella de carbono, a trav\u00e9s del Programa Ecuador Carbono Cero."},"content":{"rendered":"<p>Quito.- Aglomerados Cotopaxi ha sido reconocida por el Ministerio del Ambiente, Agua y Transici\u00f3n Ecol\u00f3gica por su destacada contribuci\u00f3n en la reducci\u00f3n de emisiones de CO2 en el marco del Programa Ecuador Carbono Cero (PECC). Este programa integra diversos instrumentos de pol\u00edtica p\u00fablica que no solo estimulan la ejecuci\u00f3n de acciones concretas frente al cambio clim\u00e1tico, sino que tambi\u00e9n fomentan la transparencia en la medici\u00f3n, reducci\u00f3n y compensaci\u00f3n de la huella de carbono.<\/p>\n<p>La empresa ha destacado su compromiso con la sostenibilidad, un valor que ha impregnado su accionar desde sus inicios. La participaci\u00f3n de Aglomerados Cotopaxi en el PECC y su rol como fuente de informaci\u00f3n e investigaci\u00f3n que promueve la concientizaci\u00f3n de los beneficios que las plantaciones forestales ofrecen al medio ambiente. Este primer paso evidencia su liderazgo en la promoci\u00f3n de pr\u00e1cticas responsables dentro de la industria.<\/p>\n<p>El reconocimiento se llev\u00f3 a cabo durante un evento p\u00fablico celebrado en la Casa de Hacienda del Parque de Gu\u00e1pulo, donde Jos\u00e9 Antonio D\u00e1valos y Karina Barrera<\/p>\n<p>del Ministerio del Ambiente, Agua y Transici\u00f3n Ecol\u00f3gica, otorgaron el primer distintivo del PECC por la cuantificaci\u00f3n de la huella de carbono.<\/p>\n<p>Felipe Pazmi\u00f1o expres\u00f3 que este logro es un est\u00edmulo para continuar liderando pr\u00e1cticas responsables y convertirse en un referente no solo dentro de la industria, sino tambi\u00e9n como fuente de informaci\u00f3n y ejemplo para otras empresas con una visi\u00f3n similar.<\/p>\n<p>La gesti\u00f3n efectiva del cambio clim\u00e1tico requiere la participaci\u00f3n y compromiso de todas las empresas ecuatorianas. Este llamado busca fomentar patrones de producci\u00f3n y consumo m\u00e1s responsables, impulsando as\u00ed un movimiento colectivo hacia un futuro sostenible y respetuoso con nuestro entorno. Aglomerados Cotopaxi, como l\u00edder en este campo, se compromete a seguir en este camino y a compartir sus experiencias para inspirar y guiar a otras organizaciones hacia un impacto positivo en el medio ambiente.<\/p>\n","protected":false},"excerpt":{"rendered":"<p>Quito.- Aglomerados Cotopaxi ha sido reconocida por el Ministerio del Ambiente, Agua y Transici\u00f3n Ecol\u00f3gica por su destacada contribuci\u00f3n en la reducci\u00f3n de emisiones de CO2 en el marco del Programa Ecuador Carbono Cero (PECC). Este programa integra diversos instrumentos de pol\u00edtica p\u00fablica que no solo estimulan la ejecuci\u00f3n de acciones concretas frente al cambio [&hellip;]<\/p>\n","protected":false},"author":2,"featured_media":8418,"comment_status":"open","ping_status":"closed","sticky":false,"template":"","format":"standard","meta":{"_jetpack_memberships_contains_paid_content":false,"footnotes":""},"categories":[13],"tags":[1432,1434,1433],"class_list":["post-8417","post","type-post","status-publish","format-standard","has-post-thumbnail","hentry","category-noticias-nacionales","tag-aglomerados-cotopaxi","tag-agua-y-transicion-ecologica","tag-ministerio-del-ambiente"],"jetpack_featured_media_url":"https:\/\/radiocresatelital.com\/wp-content\/uploads\/2023\/12\/thumbnail_IMG_2012-3.jpg","jetpack_sharing_enabled":true,"_links":{"self":[{"href":"https:\/\/radiocresatelital.com\/index.php?rest_route=\/wp\/v2\/posts\/8417","targetHints":{"allow":["GET"]}}],"collection":[{"href":"https:\/\/radiocresatelital.com\/index.php?rest_route=\/wp\/v2\/posts"}],"about":[{"href":"https:\/\/radiocresatelital.com\/index.php?rest_route=\/wp\/v2\/types\/post"}],"author":[{"embeddable":true,"href":"https:\/\/radiocresatelital.com\/index.php?rest_route=\/wp\/v2\/users\/2"}],"replies":[{"embeddable":true,"href":"https:\/\/radiocresatelital.com\/index.php?rest_route=%2Fwp%2Fv2%2Fcomments&post=8417"}],"version-history":[{"count":1,"href":"https:\/\/radiocresatelital.com\/index.php?rest_route=\/wp\/v2\/posts\/8417\/revisions"}],"predecessor-version":[{"id":8419,"href":"https:\/\/radiocresatelital.com\/index.php?rest_route=\/wp\/v2\/posts\/8417\/revisions\/8419"}],"wp:featuredmedia":[{"embeddable":true,"href":"https:\/\/radiocresatelital.com\/index.php?rest_route=\/wp\/v2\/media\/8418"}],"wp:attachment":[{"href":"https:\/\/radiocresatelital.com\/index.php?rest_route=%2Fwp%2Fv2%2Fmedia&parent=8417"}],"wp:term":[{"taxonomy":"category","embeddable":true,"href":"https:\/\/radiocresatelital.com\/index.php?rest_route=%2Fwp%2Fv2%2Fcategories&post=8417"},{"taxonomy":"post_tag","embeddable":true,"href":"https:\/\/radiocresatelital.com\/index.php?rest_route=%2Fwp%2Fv2%2Ftags&post=8417"}],"curies":[{"name":"wp","href":"https:\/\/api.w.org\/{rel}","templated":true}]}}