{"id":8414,"date":"2023-12-06T21:26:59","date_gmt":"2023-12-06T21:26:59","guid":{"rendered":"https:\/\/radiocresatelital.com\/?p=8414"},"modified":"2023-12-06T21:26:59","modified_gmt":"2023-12-06T21:26:59","slug":"la-recompensa-del-equipo-de-lightning-llego-en-mundial","status":"publish","type":"post","link":"https:\/\/radiocresatelital.com\/?p=8414","title":{"rendered":"La recompensa del equipo de Lightning lleg\u00f3 en Mundial"},"content":{"rendered":"<p>Guayaquil.- El equipo ecuatoriano integrado por Jonathan Martinetti, Moira Padilla y Alisson Haon hizo historia este fin de semana tras coronarse campe\u00f3n mundial de la Clase Lightning, d\u00edas despu\u00e9s de haber conseguido el t\u00edtulo sudamericano.<\/p>\n<p>Las dificultades que se presentaron en los Juegos Panamericanos Santiago 2023 para el equipo ecuatoriano de lightning, dej\u00f3 con un sabor amargo a sus integrantes Jonathan Martinetti, Moira Padilla y Alisson Haon. Pero la recompensa lleg\u00f3 semanas despu\u00e9s cuando coronaron hist\u00f3ricamente en el Campeonato Mundial en Cartagena, Colombia.<\/p>\n<p>\u201cEste t\u00edtulo compensa un poco todo el trabajo que hicimos para los Juegos Panamericanos que no se vio reflejado en alguna medalla en Santiago. Trabajamos mucho para estos Juegos, pero el proyecto madur\u00f3 un poco despu\u00e9s, coincidiendo para este sudamericano y mundial. Es muy positivo el resultado, pero no sacar medalla personalmente, me deja con una sensaci\u00f3n que falt\u00f3 m\u00e1s para cerrar\u00a0el\u00a0a\u00f1o\u00a0mejor\u201d, apunt\u00f3 Martinetti, el \u00fanico velerista ecuatoriano en haber alcanzado una medalla de oro en Juegos Panamericanos, en la Clase Sunfish en Toronto 2015.<\/p>\n<p>El equipo de Lightning de Ecuador combina experiencia y juventud: de un lado est\u00e1 Martinetti, quien acumula en su carrera varios t\u00edtulos mundiales, y por el otro Moira, de 17 a\u00f1os, y Alisson, que se integr\u00f3 recientemente.<\/p>\n<p>\u201cMi equipo fue armado con un solo objetivo que fue correr los Juegos Panamericanos en Santiago. Con Moira hab\u00eda navegado antes en los Juegos Bolivarianos de Valledupar donde obtuvimos medalla de oro, tiene 17 a\u00f1os, pero ya tiene experiencia en la clase. Por el formato panamericano que exige que sean dos tripulantes femeninas, nos pusimos en b\u00fasqueda de otra deportista. Alisson fue una acertada decisi\u00f3n por su gran preparaci\u00f3n f\u00edsica. Tuvimos que ense\u00f1arle mucho sobre esta clase porque no hab\u00eda competido, pero se pudo adaptarse r\u00e1pido con un programa organizado, sin embargo, el proyecto tard\u00f3 un poco en madurar y vimos los mejores resultados en este campeonato\u00a0mundial\u201d.<\/p>\n<p>En Santiago las competencias de vela se llevaron a cabo en Algarrobo, un balneario ubicado en el centro de Chile, a 107 kil\u00f3metros de Santiago. Por estar en el sur del continente, las condiciones del mar son muy fr\u00edas, y los vientos muy fuertes. En Cartagena la situaci\u00f3n fue otra:<\/p>\n<p>\u201cFueron excelentes condiciones de viento, corrimos desde poco viento con mucha corriente a d\u00edas de vientos muy fuertes. Por el lado del clima, el evento fue excelente con un rango completo de viento. Eso s\u00ed mucho calor que iba desgastando d\u00eda tras d\u00eda\u201d.<\/p>\n<p>Al finalizar las 8 regatas, el equipo ecuatoriano finaliz\u00f3 primero con apenas 15 unidades, por delante de al menos siete embarcaciones de Estados Unidos que ocuparon los siguientes lugares. En el certamen adem\u00e1s compitieron representantes de Colombia, Chile, Francia, Finlandia, Grecia, Australia, entre otras.<\/p>\n<p>\u201cLos rivales fueron en su mayor\u00eda gente con mucha experiencia en la clase lightning, pero nos ayud\u00f3 mucho venir con ritmo de competencia y entrenamientos. Llegamos en un pico de\u00a0nivel\u00a0muy\u00a0alto\u201d.<\/p>\n<p>Para el velerista fue fundamental haber conseguido d\u00edas antes el campeonato sudamericano. En cuanto al sue\u00f1o de llegar en alg\u00fan momento a unos Juegos Ol\u00edmpicos, Jonathan considera que existen las posibilidades deportivas, pero representa una gran inversi\u00f3n econ\u00f3mica con la que todav\u00eda no se cuenta. El pr\u00f3ximo a\u00f1o se repartir\u00e1n las \u00faltimas plazas.<\/p>\n<p>Ahora Martinetti junto a los tricolores John Birkett, Mar\u00eda Jos\u00e9 Cucal\u00f3n, Ernesto Sarraz\u00edn, Rafael Sarraz\u00edn y Bernardo Fern\u00e1ndez se encuentran en Miami, Estados Unidos, participando en el Campeonato Mundial de Sunfish.<\/p>\n","protected":false},"excerpt":{"rendered":"<p>Guayaquil.- El equipo ecuatoriano integrado por Jonathan Martinetti, Moira Padilla y Alisson Haon hizo historia este fin de semana tras coronarse campe\u00f3n mundial de la Clase Lightning, d\u00edas despu\u00e9s de haber conseguido el t\u00edtulo sudamericano. Las dificultades que se presentaron en los Juegos Panamericanos Santiago 2023 para el equipo ecuatoriano de lightning, dej\u00f3 con un [&hellip;]<\/p>\n","protected":false},"author":2,"featured_media":8415,"comment_status":"open","ping_status":"closed","sticky":false,"template":"","format":"standard","meta":{"_jetpack_memberships_contains_paid_content":false,"footnotes":""},"categories":[9],"tags":[1431],"class_list":["post-8414","post","type-post","status-publish","format-standard","has-post-thumbnail","hentry","category-deportes","tag-lightning"],"jetpack_featured_media_url":"https:\/\/radiocresatelital.com\/wp-content\/uploads\/2023\/12\/39016ef9-1294-bb27-5cfb-a32184b31240.jpg","jetpack_sharing_enabled":true,"_links":{"self":[{"href":"https:\/\/radiocresatelital.com\/index.php?rest_route=\/wp\/v2\/posts\/8414","targetHints":{"allow":["GET"]}}],"collection":[{"href":"https:\/\/radiocresatelital.com\/index.php?rest_route=\/wp\/v2\/posts"}],"about":[{"href":"https:\/\/radiocresatelital.com\/index.php?rest_route=\/wp\/v2\/types\/post"}],"author":[{"embeddable":true,"href":"https:\/\/radiocresatelital.com\/index.php?rest_route=\/wp\/v2\/users\/2"}],"replies":[{"embeddable":true,"href":"https:\/\/radiocresatelital.com\/index.php?rest_route=%2Fwp%2Fv2%2Fcomments&post=8414"}],"version-history":[{"count":1,"href":"https:\/\/radiocresatelital.com\/index.php?rest_route=\/wp\/v2\/posts\/8414\/revisions"}],"predecessor-version":[{"id":8416,"href":"https:\/\/radiocresatelital.com\/index.php?rest_route=\/wp\/v2\/posts\/8414\/revisions\/8416"}],"wp:featuredmedia":[{"embeddable":true,"href":"https:\/\/radiocresatelital.com\/index.php?rest_route=\/wp\/v2\/media\/8415"}],"wp:attachment":[{"href":"https:\/\/radiocresatelital.com\/index.php?rest_route=%2Fwp%2Fv2%2Fmedia&parent=8414"}],"wp:term":[{"taxonomy":"category","embeddable":true,"href":"https:\/\/radiocresatelital.com\/index.php?rest_route=%2Fwp%2Fv2%2Fcategories&post=8414"},{"taxonomy":"post_tag","embeddable":true,"href":"https:\/\/radiocresatelital.com\/index.php?rest_route=%2Fwp%2Fv2%2Ftags&post=8414"}],"curies":[{"name":"wp","href":"https:\/\/api.w.org\/{rel}","templated":true}]}}