{"id":8411,"date":"2023-12-06T19:11:59","date_gmt":"2023-12-06T19:11:59","guid":{"rendered":"https:\/\/radiocresatelital.com\/?p=8411"},"modified":"2023-12-06T21:15:05","modified_gmt":"2023-12-06T21:15:05","slug":"graiman-premio-a-mejor-plataforma-tecnologica-con-su-herramienta-de-realidad-virtual-graiman-disena","status":"publish","type":"post","link":"https:\/\/radiocresatelital.com\/?p=8411","title":{"rendered":"Graiman premio a mejor plataforma tecnol\u00f3gica con su herramienta de realidad virtual \u201cGraiman Dise\u00f1a\u201d"},"content":{"rendered":"<p>Cuenca.- Br Magazine, medio especializado en arquitectura, construcci\u00f3n y proyectos, organiz\u00f3 el evento denominado \u201cPremios BR 2023\u201d con la finalidad de reconocer a profesionales y empresas que se han destacado de forma disruptiva en diferentes \u00e1mbitos de la arquitectura y dise\u00f1o interior.<\/p>\n<p>En esta ocasi\u00f3n Graiman fue ganadora en la categor\u00eda Plataformas Tecnol\u00f3gicas por su innovadora herramienta de realidad virtual \u201cGraiman Dise\u00f1a\u201d, esta herramienta permite a las personas visualizar sus espacios con productos Graiman antes de comprar e instalarlos. Elegir entre diversas opciones de revestimientos para pisos y paredes nunca fue tan f\u00e1cil y esto representa una mejora en la experiencia de compra significativa para clientes y arquitectos en la categor\u00eda. La empresa es pionera a nivel nacional en lanzar una plataforma de estas caracter\u00edsticas, sin duda un gran avance para el mercado de cer\u00e1micas y porcelanatos.<\/p>\n<p><em>\u201dEs un honor para Graiman medirse frente a grandes referentes de la industria. Hoy m\u00e1s que nunca ratificamos nuestro compromiso en ofrecer innovaci\u00f3n y tecnolog\u00eda no solo en nuestros productos, sino tambi\u00e9n en nuestro servicio y en las facilidades que damos a nuestros clientes para poder elegir un producto con el que se sientan satisfechos. Desarrollar esta herramienta ha tomado varios meses de trabajo, pero cada segundo ha valido la pena al ver la acogida e interacci\u00f3n de nuestros clientes y asesores con ella. Buscamos facilitar la vida de nuestros clientes y con Graiman Dise\u00f1a lo hemos logrado\u201d<\/em>, afirma Mar\u00eda Augusta C\u00e1rdenas, Jefe de Mercadeo de Graiman.<\/p>\n<p>Adem\u00e1s, la empresa l\u00edder en acabados para la construcci\u00f3n en Ecuador tambi\u00e9n fue nominada en la categor\u00eda Showrooms por sus renovadas salas de exhibici\u00f3n y experiencias ubicadas en Quito, Guayaquil y Cuenca.<\/p>\n<p>Esto sin duda demuestra que Graiman evoluciona a la par de las tendencias mundiales y las necesidades que las personas tienen a la hora de habitar espacios. Calidad, dise\u00f1o, servicio e innovaci\u00f3n son parte del trabajo diario de esta empresa cuencana que se destaca en Ecuador y el mundo.<\/p>\n","protected":false},"excerpt":{"rendered":"<p>Cuenca.- Br Magazine, medio especializado en arquitectura, construcci\u00f3n y proyectos, organiz\u00f3 el evento denominado \u201cPremios BR 2023\u201d con la finalidad de reconocer a profesionales y empresas que se han destacado de forma disruptiva en diferentes \u00e1mbitos de la arquitectura y dise\u00f1o interior. En esta ocasi\u00f3n Graiman fue ganadora en la categor\u00eda Plataformas Tecnol\u00f3gicas por su [&hellip;]<\/p>\n","protected":false},"author":2,"featured_media":8412,"comment_status":"open","ping_status":"closed","sticky":false,"template":"","format":"standard","meta":{"_jetpack_memberships_contains_paid_content":false,"footnotes":""},"categories":[13],"tags":[377],"class_list":["post-8411","post","type-post","status-publish","format-standard","has-post-thumbnail","hentry","category-noticias-nacionales","tag-graiman"],"jetpack_featured_media_url":"https:\/\/radiocresatelital.com\/wp-content\/uploads\/2023\/12\/46a7e8d5-3911-45d3-ab89-d4645950999c.jpg","jetpack_sharing_enabled":true,"_links":{"self":[{"href":"https:\/\/radiocresatelital.com\/index.php?rest_route=\/wp\/v2\/posts\/8411","targetHints":{"allow":["GET"]}}],"collection":[{"href":"https:\/\/radiocresatelital.com\/index.php?rest_route=\/wp\/v2\/posts"}],"about":[{"href":"https:\/\/radiocresatelital.com\/index.php?rest_route=\/wp\/v2\/types\/post"}],"author":[{"embeddable":true,"href":"https:\/\/radiocresatelital.com\/index.php?rest_route=\/wp\/v2\/users\/2"}],"replies":[{"embeddable":true,"href":"https:\/\/radiocresatelital.com\/index.php?rest_route=%2Fwp%2Fv2%2Fcomments&post=8411"}],"version-history":[{"count":1,"href":"https:\/\/radiocresatelital.com\/index.php?rest_route=\/wp\/v2\/posts\/8411\/revisions"}],"predecessor-version":[{"id":8413,"href":"https:\/\/radiocresatelital.com\/index.php?rest_route=\/wp\/v2\/posts\/8411\/revisions\/8413"}],"wp:featuredmedia":[{"embeddable":true,"href":"https:\/\/radiocresatelital.com\/index.php?rest_route=\/wp\/v2\/media\/8412"}],"wp:attachment":[{"href":"https:\/\/radiocresatelital.com\/index.php?rest_route=%2Fwp%2Fv2%2Fmedia&parent=8411"}],"wp:term":[{"taxonomy":"category","embeddable":true,"href":"https:\/\/radiocresatelital.com\/index.php?rest_route=%2Fwp%2Fv2%2Fcategories&post=8411"},{"taxonomy":"post_tag","embeddable":true,"href":"https:\/\/radiocresatelital.com\/index.php?rest_route=%2Fwp%2Fv2%2Ftags&post=8411"}],"curies":[{"name":"wp","href":"https:\/\/api.w.org\/{rel}","templated":true}]}}