{"id":8396,"date":"2023-12-06T20:18:06","date_gmt":"2023-12-06T20:18:06","guid":{"rendered":"https:\/\/radiocresatelital.com\/?p=8396"},"modified":"2023-12-06T20:18:06","modified_gmt":"2023-12-06T20:18:06","slug":"palestina-se-vistio-de-futbol-durante-inauguracion-de-escuela","status":"publish","type":"post","link":"https:\/\/radiocresatelital.com\/?p=8396","title":{"rendered":"Palestina se visti\u00f3 de f\u00fatbol durante inauguraci\u00f3n de escuela"},"content":{"rendered":"<p><span style=\"font-weight: 400;\">Palestina.- La emoci\u00f3n de Iker C\u00f3rdova se reflejaba en su sonrisa mientras escuchaba la presentaci\u00f3n oficial de la Escuela de F\u00fatbol de la Prefectura Ciudadana del Guayas, en su natal Palestina.\u00a0<\/span><\/p>\n<p><span style=\"font-weight: 400;\">No fue el \u00fanico emocionado durante el acto inaugural. Julio Pantale\u00f3n habl\u00f3 en representaci\u00f3n de los padres de familia, extendiendo su gratitud por hacer realidad una obra vital para los ni\u00f1os\u00a0 que\u00a0 alcanzaron el cupo y est\u00e1n ansiosos de empezar con los entrenamientos.\u00a0<\/span><\/p>\n<p><span style=\"font-weight: 400;\">Quien dio el pitazo inicial de inauguraci\u00f3n fue el viceprefecto Carlos Serrano Bonilla, quien record\u00f3 cuando, durante la campa\u00f1a, junto a la prefecta Marcela Agui\u00f1aga, se propusieron plasmar este anhelado programa que fue suspendido en la anterior administraci\u00f3n\u00a0<\/span><\/p>\n<p><span style=\"font-weight: 400;\">El viceprefecto Serrano pidi\u00f3 que todos cuiden y se esfuercen por hacer que las escuelas, que representan una inversi\u00f3n para todos los guayasenses, sean semilleros de nuevas figuras del f\u00fatbol\u00a0<\/span><\/p>\n<p><span style=\"font-weight: 400;\">El presupuesto destinado para este programa es de 1.5 millones de d\u00f3lares, que tiene como prop\u00f3sito el fomento del deporte en los ni\u00f1os y j\u00f3venes (hombres y mujeres), quienes recibir\u00e1n sus uniformes. Dentro del convenio con los municipios se contempla el equipamiento y mejoramiento de los espacios deportivos que ser\u00e1n usados para estas pr\u00e1cticas deportivas.\u00a0<\/span><\/p>\n<p><span style=\"font-weight: 400;\">\u201cGracias por dar la oportunidad a los cantones peque\u00f1os de tener estos espacios \u201c, expres\u00f3 el alcalde de Palestina, Luis Su\u00e1rez.\u00a0<\/span><\/p>\n<p><span style=\"font-weight: 400;\">El director de Deportes de la Prefectura Ciudadana del Guayas, David Lecaro, mencion\u00f3 que son 6.600 cupos asignados, al momento, a nivel del Guayas, destacando que la demanda fue alta.\u00a0<\/span><\/p>\n<p><span style=\"font-weight: 400;\">Por eso, en los pr\u00f3ximos meses, se aumentar\u00e1 el n\u00famero de espacios\u00a0 de acuerdo con los requerimientos de cada cant\u00f3n.\u00a0<\/span><\/p>\n","protected":false},"excerpt":{"rendered":"<p>Palestina.- La emoci\u00f3n de Iker C\u00f3rdova se reflejaba en su sonrisa mientras escuchaba la presentaci\u00f3n oficial de la Escuela de F\u00fatbol de la Prefectura Ciudadana del Guayas, en su natal Palestina.\u00a0 No fue el \u00fanico emocionado durante el acto inaugural. Julio Pantale\u00f3n habl\u00f3 en representaci\u00f3n de los padres de familia, extendiendo su gratitud por hacer [&hellip;]<\/p>\n","protected":false},"author":2,"featured_media":8397,"comment_status":"open","ping_status":"closed","sticky":false,"template":"","format":"standard","meta":{"_jetpack_memberships_contains_paid_content":false,"footnotes":""},"categories":[9,13],"tags":[1429,415,89],"class_list":["post-8396","post","type-post","status-publish","format-standard","has-post-thumbnail","hentry","category-deportes","category-noticias-nacionales","tag-carlos-serrano-bonilla","tag-prefectura-ciudadana-del-guayas","tag-viceprefecto-guayas"],"jetpack_featured_media_url":"https:\/\/radiocresatelital.com\/wp-content\/uploads\/2023\/12\/WhatsApp-Image-2023-12-06-at-12.06.31.jpeg","jetpack_sharing_enabled":true,"_links":{"self":[{"href":"https:\/\/radiocresatelital.com\/index.php?rest_route=\/wp\/v2\/posts\/8396","targetHints":{"allow":["GET"]}}],"collection":[{"href":"https:\/\/radiocresatelital.com\/index.php?rest_route=\/wp\/v2\/posts"}],"about":[{"href":"https:\/\/radiocresatelital.com\/index.php?rest_route=\/wp\/v2\/types\/post"}],"author":[{"embeddable":true,"href":"https:\/\/radiocresatelital.com\/index.php?rest_route=\/wp\/v2\/users\/2"}],"replies":[{"embeddable":true,"href":"https:\/\/radiocresatelital.com\/index.php?rest_route=%2Fwp%2Fv2%2Fcomments&post=8396"}],"version-history":[{"count":1,"href":"https:\/\/radiocresatelital.com\/index.php?rest_route=\/wp\/v2\/posts\/8396\/revisions"}],"predecessor-version":[{"id":8398,"href":"https:\/\/radiocresatelital.com\/index.php?rest_route=\/wp\/v2\/posts\/8396\/revisions\/8398"}],"wp:featuredmedia":[{"embeddable":true,"href":"https:\/\/radiocresatelital.com\/index.php?rest_route=\/wp\/v2\/media\/8397"}],"wp:attachment":[{"href":"https:\/\/radiocresatelital.com\/index.php?rest_route=%2Fwp%2Fv2%2Fmedia&parent=8396"}],"wp:term":[{"taxonomy":"category","embeddable":true,"href":"https:\/\/radiocresatelital.com\/index.php?rest_route=%2Fwp%2Fv2%2Fcategories&post=8396"},{"taxonomy":"post_tag","embeddable":true,"href":"https:\/\/radiocresatelital.com\/index.php?rest_route=%2Fwp%2Fv2%2Ftags&post=8396"}],"curies":[{"name":"wp","href":"https:\/\/api.w.org\/{rel}","templated":true}]}}