{"id":8384,"date":"2023-12-06T13:40:00","date_gmt":"2023-12-06T13:40:00","guid":{"rendered":"https:\/\/radiocresatelital.com\/?p=8384"},"modified":"2023-12-06T18:23:53","modified_gmt":"2023-12-06T18:23:53","slug":"adn-se-suma-al-juicio-politico-contra-teran-munoz-y-barreno","status":"publish","type":"post","link":"https:\/\/radiocresatelital.com\/?p=8384","title":{"rendered":"ADN se suma al juicio pol\u00edtico contra Ter\u00e1n, Mu\u00f1oz y Barreno"},"content":{"rendered":"<p>Quito.- La bancada de gobierno en la Asamblea Nacional, Acci\u00f3n Democr\u00e1tica Nacional, ha decidido sumar su apoyo al juicio pol\u00edtico en contra del presidente del Consejo de la Judicatura, Dr. Wilman Ter\u00e1n, del vocal Xavier Mu\u00f1oz y de la ex vocal Maribel Barreno.<\/p>\n<p>Junto con el partido Social Cristiano y el movimiento Construye, como si fuera una \u00abmarea\u00bb las voluntades para este juicio pol\u00edtico se movilizan y crecen para ejecutarlo.<\/p>\n<p>\u00abApoyamos el juicio pol\u00edtico contra los vocales del Consejo de la Judicatura. La impunidad no es parte de nuestra agenda\u00bb dijo la lid\u00a0er de la bancada oficialista, Valentina Centeno.<\/p>\n","protected":false},"excerpt":{"rendered":"<p>Quito.- La bancada de gobierno en la Asamblea Nacional, Acci\u00f3n Democr\u00e1tica Nacional, ha decidido sumar su apoyo al juicio pol\u00edtico en contra del presidente del Consejo de la Judicatura, Dr. Wilman Ter\u00e1n, del vocal Xavier Mu\u00f1oz y de la ex vocal Maribel Barreno. Junto con el partido Social Cristiano y el movimiento Construye, como si [&hellip;]<\/p>\n","protected":false},"author":3,"featured_media":8385,"comment_status":"open","ping_status":"closed","sticky":false,"template":"","format":"standard","meta":{"_jetpack_memberships_contains_paid_content":false,"footnotes":""},"categories":[13],"tags":[1427],"class_list":["post-8384","post","type-post","status-publish","format-standard","has-post-thumbnail","hentry","category-noticias-nacionales","tag-accion-democratica-nacional"],"jetpack_featured_media_url":"https:\/\/radiocresatelital.com\/wp-content\/uploads\/2023\/12\/valentina-centeno.jpeg","jetpack_sharing_enabled":true,"_links":{"self":[{"href":"https:\/\/radiocresatelital.com\/index.php?rest_route=\/wp\/v2\/posts\/8384","targetHints":{"allow":["GET"]}}],"collection":[{"href":"https:\/\/radiocresatelital.com\/index.php?rest_route=\/wp\/v2\/posts"}],"about":[{"href":"https:\/\/radiocresatelital.com\/index.php?rest_route=\/wp\/v2\/types\/post"}],"author":[{"embeddable":true,"href":"https:\/\/radiocresatelital.com\/index.php?rest_route=\/wp\/v2\/users\/3"}],"replies":[{"embeddable":true,"href":"https:\/\/radiocresatelital.com\/index.php?rest_route=%2Fwp%2Fv2%2Fcomments&post=8384"}],"version-history":[{"count":2,"href":"https:\/\/radiocresatelital.com\/index.php?rest_route=\/wp\/v2\/posts\/8384\/revisions"}],"predecessor-version":[{"id":8391,"href":"https:\/\/radiocresatelital.com\/index.php?rest_route=\/wp\/v2\/posts\/8384\/revisions\/8391"}],"wp:featuredmedia":[{"embeddable":true,"href":"https:\/\/radiocresatelital.com\/index.php?rest_route=\/wp\/v2\/media\/8385"}],"wp:attachment":[{"href":"https:\/\/radiocresatelital.com\/index.php?rest_route=%2Fwp%2Fv2%2Fmedia&parent=8384"}],"wp:term":[{"taxonomy":"category","embeddable":true,"href":"https:\/\/radiocresatelital.com\/index.php?rest_route=%2Fwp%2Fv2%2Fcategories&post=8384"},{"taxonomy":"post_tag","embeddable":true,"href":"https:\/\/radiocresatelital.com\/index.php?rest_route=%2Fwp%2Fv2%2Ftags&post=8384"}],"curies":[{"name":"wp","href":"https:\/\/api.w.org\/{rel}","templated":true}]}}