{"id":8353,"date":"2023-12-05T21:48:48","date_gmt":"2023-12-05T21:48:48","guid":{"rendered":"https:\/\/radiocresatelital.com\/?p=8353"},"modified":"2023-12-05T21:48:48","modified_gmt":"2023-12-05T21:48:48","slug":"departamento-de-cumplimiento-en-fia-investiga-irregularidades","status":"publish","type":"post","link":"https:\/\/radiocresatelital.com\/?p=8353","title":{"rendered":"Departamento de cumplimiento en FIA investiga irregularidades"},"content":{"rendered":"<p class=\"text__text__1FZLe text__dark-grey__3Ml43 text__regular__2N1Xr text__small__1kGq2 body__full_width__ekUdw body__small_body__2vQyf article-body__paragraph__2-BtD\" data-testid=\"paragraph-0\"><span>Londres.- Las escuder\u00edas de Mercedes y la F\u00f3rmula Uno ha reaccionado con mucho enojo luego que la Federaci\u00f3n Internacional de Automovil\u00edsmo (FIA) anunci\u00f3 que se encuentra investigando las especulaciones de los medios de que el jefe del equipo recibi\u00f3 informaci\u00f3n confidencial de un empleado del titular de los derechos comerciales.<\/span><\/p>\n<p class=\"text__text__1FZLe text__dark-grey__3Ml43 text__regular__2N1Xr text__small__1kGq2 body__full_width__ekUdw body__small_body__2vQyf article-body__paragraph__2-BtD\" data-testid=\"paragraph-1\"><span>El director del equipo no fue nombrado, pero los informes de los medios mencionaron a Toto Wolff de Mercedes y su esposa Susie, quien dirige la Academia de F1 exclusivamente femenina y reporta al director ejecutivo de la F\u00f3rmula Uno, Stefano Domenicali.<\/span><\/p>\n<div class=\"article-body__element__2p5pI\">\n<div class=\"spacing-container__container__2g5QT spacing-container__t-spacing-single-three-quarters__2_moJ spacing-container__b-spacing-single-three-quarters__1fuBK spacing-container__max-width__zScFd\" data-testid=\"ResponsiveAdSlot\">\n<div class=\"ad-slot__container__FEnoz ad-slot__fixed-height__6m70D\">\n<div class=\"ad-slot__inner__2u45U\">\n<div>\u00abLa FIA es consciente de las especulaciones de los medios centradas en la acusaci\u00f3n de que un miembro del personal de la FOM pas\u00f3 informaci\u00f3n de naturaleza confidencial al director de un equipo de F1\u00bb, dijo el organismo rector en un comunicado.<\/div>\n<\/div>\n<\/div>\n<\/div>\n<\/div>\n<p class=\"text__text__1FZLe text__dark-grey__3Ml43 text__regular__2N1Xr text__small__1kGq2 body__full_width__ekUdw body__small_body__2vQyf article-body__paragraph__2-BtD\" data-testid=\"paragraph-3\"><span>\u00abEl departamento de cumplimiento de la FIA est\u00e1 investigando el asunto\u00bb.<\/span><\/p>\n<p class=\"text__text__1FZLe text__dark-grey__3Ml43 text__regular__2N1Xr text__small__1kGq2 body__full_width__ekUdw body__small_body__2vQyf article-body__paragraph__2-BtD\" data-testid=\"paragraph-4\"><span>La F\u00f3rmula Uno, propiedad de Liberty Media, dijo que la declaraci\u00f3n de la FIA no hab\u00eda sido compartida con anticipaci\u00f3n y expres\u00f3 \u00abcompleta confianza en que las acusaciones son err\u00f3neas\u00bb y que \u00abning\u00fan miembro de nuestro equipo ha hecho ninguna revelaci\u00f3n no autorizada al director del equipo\u00bb.<\/span><\/p>\n<div class=\"article-body__element__2p5pI\">\n<div class=\"spacing-container__container__2g5QT spacing-container__t-spacing-single-three-quarters__2_moJ spacing-container__b-spacing-single-three-quarters__1fuBK spacing-container__max-width__zScFd\" data-testid=\"ResponsiveAdSlot\">\n<div class=\"ad-slot__container__FEnoz ad-slot__fixed-height__6m70D\">\n<div class=\"ad-slot__inner__2u45U\">\n<div>La F\u00f3rmula Uno a\u00f1adi\u00f3 que contaba con \u00abprocesos y procedimientos s\u00f3lidos que garantizan la segregaci\u00f3n de informaci\u00f3n y responsabilidades en caso de cualquier posible conflicto de intereses\u00bb.<\/div>\n<\/div>\n<\/div>\n<\/div>\n<\/div>\n<p class=\"text__text__1FZLe text__dark-grey__3Ml43 text__regular__2N1Xr text__small__1kGq2 body__full_width__ekUdw body__small_body__2vQyf article-body__paragraph__2-BtD\" data-testid=\"paragraph-6\"><span>Mercedes habl\u00f3 de \u00abacusaciones sin fundamento\u00bb de un solo medio de comunicaci\u00f3n.<\/span><\/p>\n<p class=\"text__text__1FZLe text__dark-grey__3Ml43 text__regular__2N1Xr text__small__1kGq2 body__full_width__ekUdw body__small_body__2vQyf article-body__paragraph__2-BtD\" data-testid=\"paragraph-7\"><span>\u00abEl equipo no ha recibido ninguna comunicaci\u00f3n del Departamento de Cumplimiento de la FIA sobre este tema y fue muy sorprendente enterarse de la investigaci\u00f3n a trav\u00e9s de un comunicado de prensa\u00bb, a\u00f1adi\u00f3.<\/span><\/p>\n<div class=\"article-body__element__2p5pI\">\n<div class=\"spacing-container__container__2g5QT spacing-container__t-spacing-single-three-quarters__2_moJ spacing-container__b-spacing-single-three-quarters__1fuBK spacing-container__max-width__zScFd\" data-testid=\"ResponsiveAdSlot\">\n<div class=\"ad-slot__container__FEnoz ad-slot__fixed-height__6m70D\">\n<div class=\"ad-slot__inner__2u45U\">\n<div>\u00abRechazamos totalmente la acusaci\u00f3n contenida en la declaraci\u00f3n y la cobertura medi\u00e1tica asociada, que incide err\u00f3neamente en la integridad y el cumplimiento del director de nuestro equipo\u00bb.<\/div>\n<\/div>\n<\/div>\n<\/div>\n<\/div>\n<p class=\"text__text__1FZLe text__dark-grey__3Ml43 text__regular__2N1Xr text__small__1kGq2 body__full_width__ekUdw body__small_body__2vQyf article-body__paragraph__2-BtD\" data-testid=\"paragraph-9\"><span>El sitio web\u00a0<\/span><span>www.motorsport.com<\/span><span>\u00a0inform\u00f3 que algunos directivos hab\u00edan expresado su preocupaci\u00f3n al presidente de la FIA, Mohammed Ben Sulayem, por un posible conflicto de intereses, aunque no se hab\u00eda dicho nada en p\u00fablico.<\/span><\/p>\n<p class=\"text__text__1FZLe text__dark-grey__3Ml43 text__regular__2N1Xr text__small__1kGq2 body__full_width__ekUdw body__small_body__2vQyf article-body__paragraph__2-BtD\" data-testid=\"paragraph-10\"><span>Dijo que Ben Sulayem hab\u00eda pedido al departamento de cumplimiento que investigara.<\/span><\/p>\n<p class=\"text__text__1FZLe text__dark-grey__3Ml43 text__regular__2N1Xr text__small__1kGq2 body__full_width__ekUdw body__small_body__2vQyf article-body__paragraph__2-BtD\" data-testid=\"paragraph-11\"><span>Un portavoz de la FIA no pudo comentar al respecto.<\/span><\/p>\n<p class=\"text__text__1FZLe text__dark-grey__3Ml43 text__regular__2N1Xr text__small__1kGq2 body__full_width__ekUdw body__small_body__2vQyf article-body__paragraph__2-BtD\" data-testid=\"paragraph-12\"><span>La F\u00f3rmula Uno y la FIA han estado en desacuerdo sobre una serie de cuestiones desde que Ben Sulayem asumi\u00f3 el cargo a finales de 2021.<\/span><\/p>\n<p class=\"text__text__1FZLe text__dark-grey__3Ml43 text__regular__2N1Xr text__small__1kGq2 body__full_width__ekUdw body__small_body__2vQyf article-body__paragraph__2-BtD\" data-testid=\"paragraph-13\"><span>Algunos jefes de equipo tambi\u00e9n plantearon\u00a0<\/span><span>preocupaciones sobre conflictos de intereses<\/span><span>\u00a0el a\u00f1o pasado cuando Shaila Ann-Rao, que hab\u00eda trabajado como asesora especial de Wolff, fue nombrada directora interina de la F\u00f3rmula Uno de la FIA.<\/span><\/p>\n<p class=\"text__text__1FZLe text__dark-grey__3Ml43 text__regular__2N1Xr text__small__1kGq2 body__full_width__ekUdw body__small_body__2vQyf article-body__paragraph__2-BtD\" data-testid=\"paragraph-14\"><span>Dej\u00f3 el \u00f3rgano de gobierno menos de seis meses despu\u00e9s.<\/span><\/p>\n","protected":false},"excerpt":{"rendered":"<p>Londres.- Las escuder\u00edas de Mercedes y la F\u00f3rmula Uno ha reaccionado con mucho enojo luego que la Federaci\u00f3n Internacional de Automovil\u00edsmo (FIA) anunci\u00f3 que se encuentra investigando las especulaciones de los medios de que el jefe del equipo recibi\u00f3 informaci\u00f3n confidencial de un empleado del titular de los derechos comerciales. El director del equipo no [&hellip;]<\/p>\n","protected":false},"author":2,"featured_media":8354,"comment_status":"open","ping_status":"closed","sticky":false,"template":"","format":"standard","meta":{"_jetpack_memberships_contains_paid_content":false,"footnotes":""},"categories":[9,20],"tags":[938],"class_list":["post-8353","post","type-post","status-publish","format-standard","has-post-thumbnail","hentry","category-deportes","category-formula-uno","tag-fia"],"jetpack_featured_media_url":"https:\/\/radiocresatelital.com\/wp-content\/uploads\/2023\/12\/Federation_Internationale_de_lAutomobile_wordmark.svg_.png","jetpack_sharing_enabled":true,"_links":{"self":[{"href":"https:\/\/radiocresatelital.com\/index.php?rest_route=\/wp\/v2\/posts\/8353","targetHints":{"allow":["GET"]}}],"collection":[{"href":"https:\/\/radiocresatelital.com\/index.php?rest_route=\/wp\/v2\/posts"}],"about":[{"href":"https:\/\/radiocresatelital.com\/index.php?rest_route=\/wp\/v2\/types\/post"}],"author":[{"embeddable":true,"href":"https:\/\/radiocresatelital.com\/index.php?rest_route=\/wp\/v2\/users\/2"}],"replies":[{"embeddable":true,"href":"https:\/\/radiocresatelital.com\/index.php?rest_route=%2Fwp%2Fv2%2Fcomments&post=8353"}],"version-history":[{"count":2,"href":"https:\/\/radiocresatelital.com\/index.php?rest_route=\/wp\/v2\/posts\/8353\/revisions"}],"predecessor-version":[{"id":8356,"href":"https:\/\/radiocresatelital.com\/index.php?rest_route=\/wp\/v2\/posts\/8353\/revisions\/8356"}],"wp:featuredmedia":[{"embeddable":true,"href":"https:\/\/radiocresatelital.com\/index.php?rest_route=\/wp\/v2\/media\/8354"}],"wp:attachment":[{"href":"https:\/\/radiocresatelital.com\/index.php?rest_route=%2Fwp%2Fv2%2Fmedia&parent=8353"}],"wp:term":[{"taxonomy":"category","embeddable":true,"href":"https:\/\/radiocresatelital.com\/index.php?rest_route=%2Fwp%2Fv2%2Fcategories&post=8353"},{"taxonomy":"post_tag","embeddable":true,"href":"https:\/\/radiocresatelital.com\/index.php?rest_route=%2Fwp%2Fv2%2Ftags&post=8353"}],"curies":[{"name":"wp","href":"https:\/\/api.w.org\/{rel}","templated":true}]}}