{"id":8313,"date":"2023-12-04T22:25:41","date_gmt":"2023-12-04T22:25:41","guid":{"rendered":"https:\/\/radiocresatelital.com\/?p=8313"},"modified":"2023-12-04T22:25:41","modified_gmt":"2023-12-04T22:25:41","slug":"tuve-miedo-de-anunciar-mi-retorno-tras-un-ano-sin-partidos-y-la-operacion-en-la-cadera-pero-lo-que-me-preocupa-mas-es-todo-el-resto-rafael-nadal","status":"publish","type":"post","link":"https:\/\/radiocresatelital.com\/?p=8313","title":{"rendered":"Tuve miedo de anunciar mi retorno tras un a\u00f1o sin partidos y la operaci\u00f3n en la cadera. Pero lo que me preocupa m\u00e1s es todo el resto, Rafael Nadal"},"content":{"rendered":"<p>Roma.- El tenista espa\u00f1ol Rafael Nadal, quien en la actualidad se encuentra en el puesto 664 en el ranking de la ATP por estar sin jugar por una lesi\u00f3n, admiti\u00f3 en redes sociales que afrontar\u00e1 \u00abun terreno inexplorado\u00bb en su retorno a la competencia oficial previsto en Brisbane.<\/p>\n<p>\u00abTuve miedo de anunciar mi retorno tras un a\u00f1o sin partidos y la operaci\u00f3n en la cadera. Pero lo que me preocupa m\u00e1s es todo el resto\u00bb, public\u00f3 Nadal en la red social \u00abX\u00bb, conocida anteriormente como Twitter.<\/p>\n<p>\u00abCreo estar listo, conf\u00edo y espero que las cosas vayan bien y tenga la oportunidad de divertirme en el campo. No espero nada, \u00e9sta es la verdad. Creo que me encuentro en un momento diferente, en una situaci\u00f3n distinta y en un terreno inexplorado\u00bb, agreg\u00f3 el tenista de 37 a\u00f1os.<\/p>\n<p>Nadal, ganador de 22 t\u00edtulos de Grand Slam, dos menos del r\u00e9cord del serbio Novak Djokovic, n\u00famero 1 del mundo, tambi\u00e9n se refiri\u00f3 a las emociones que atravesar\u00e1 en su retorno a los courts.<\/p>\n<p>\u00abPas\u00f3 mucho tiempo, por eso espero principalmente volver a sentir las sensaciones del pasado. Siempre pretend\u00ed lo m\u00e1ximo de m\u00ed mismo, pero en este momento no debo hacer lo mismo\u00bb, aclar\u00f3 el espa\u00f1ol.<\/p>\n<p>\u00abDeber\u00e9 aceptar que las cosas ser\u00e1n muy dif\u00edciles al inicio, deber\u00e9 concederme el tiempo necesario y perdonarme si las cosas salen mal, lo cual es posible. Pero sabiendo que podr\u00eda haber un futuro no tan lejano en el que las cosas podr\u00edan cambiar si mi f\u00edsico responde\u00bb, concluy\u00f3 Nadal.<\/p>\n<p>El espa\u00f1ol, quien confes\u00f3 meses atr\u00e1s que cerrar\u00e1 su carrera en 2024, volver\u00e1 al ruedo en el ATP 250 de Brisbane, torneo que se pondr\u00e1 en marcha el 31 de diciembre y es la antesala del Abierto de Australia, que marc\u00f3 su inactividad actual.<\/p>\n","protected":false},"excerpt":{"rendered":"<p>Roma.- El tenista espa\u00f1ol Rafael Nadal, quien en la actualidad se encuentra en el puesto 664 en el ranking de la ATP por estar sin jugar por una lesi\u00f3n, admiti\u00f3 en redes sociales que afrontar\u00e1 \u00abun terreno inexplorado\u00bb en su retorno a la competencia oficial previsto en Brisbane. \u00abTuve miedo de anunciar mi retorno tras [&hellip;]<\/p>\n","protected":false},"author":2,"featured_media":8314,"comment_status":"open","ping_status":"closed","sticky":false,"template":"","format":"standard","meta":{"_jetpack_memberships_contains_paid_content":false,"footnotes":""},"categories":[9,64],"tags":[843],"class_list":["post-8313","post","type-post","status-publish","format-standard","has-post-thumbnail","hentry","category-deportes","category-tenis","tag-rafael-nadal"],"jetpack_featured_media_url":"https:\/\/radiocresatelital.com\/wp-content\/uploads\/2023\/12\/rafael-nadal-miedo-dudas-australia.png","jetpack_sharing_enabled":true,"_links":{"self":[{"href":"https:\/\/radiocresatelital.com\/index.php?rest_route=\/wp\/v2\/posts\/8313","targetHints":{"allow":["GET"]}}],"collection":[{"href":"https:\/\/radiocresatelital.com\/index.php?rest_route=\/wp\/v2\/posts"}],"about":[{"href":"https:\/\/radiocresatelital.com\/index.php?rest_route=\/wp\/v2\/types\/post"}],"author":[{"embeddable":true,"href":"https:\/\/radiocresatelital.com\/index.php?rest_route=\/wp\/v2\/users\/2"}],"replies":[{"embeddable":true,"href":"https:\/\/radiocresatelital.com\/index.php?rest_route=%2Fwp%2Fv2%2Fcomments&post=8313"}],"version-history":[{"count":1,"href":"https:\/\/radiocresatelital.com\/index.php?rest_route=\/wp\/v2\/posts\/8313\/revisions"}],"predecessor-version":[{"id":8315,"href":"https:\/\/radiocresatelital.com\/index.php?rest_route=\/wp\/v2\/posts\/8313\/revisions\/8315"}],"wp:featuredmedia":[{"embeddable":true,"href":"https:\/\/radiocresatelital.com\/index.php?rest_route=\/wp\/v2\/media\/8314"}],"wp:attachment":[{"href":"https:\/\/radiocresatelital.com\/index.php?rest_route=%2Fwp%2Fv2%2Fmedia&parent=8313"}],"wp:term":[{"taxonomy":"category","embeddable":true,"href":"https:\/\/radiocresatelital.com\/index.php?rest_route=%2Fwp%2Fv2%2Fcategories&post=8313"},{"taxonomy":"post_tag","embeddable":true,"href":"https:\/\/radiocresatelital.com\/index.php?rest_route=%2Fwp%2Fv2%2Ftags&post=8313"}],"curies":[{"name":"wp","href":"https:\/\/api.w.org\/{rel}","templated":true}]}}