{"id":8306,"date":"2023-12-04T21:52:41","date_gmt":"2023-12-04T21:52:41","guid":{"rendered":"https:\/\/radiocresatelital.com\/?p=8306"},"modified":"2023-12-04T21:52:41","modified_gmt":"2023-12-04T21:52:41","slug":"cooperacion-con-francia-fortalece-el-deporte-adaptado-ecuatoriano","status":"publish","type":"post","link":"https:\/\/radiocresatelital.com\/?p=8306","title":{"rendered":"Cooperaci\u00f3n con Francia fortalece el deporte adaptado ecuatoriano"},"content":{"rendered":"<p>Quito.- Este lunes 4 de diciembre se inaugur\u00f3 el \u201cEncuentro de Deporte para el Desarrollo y Jornada para la implementaci\u00f3n de la metodolog\u00eda para deportistas con discapacidad\u201d, un evento que forma parte de la cooperaci\u00f3n bilateral con Francia, con el apoyo del Consejo Nacional para la Igualdad de Discapacidades (CONADIS), UNESCO, Banco de Desarrollo de Am\u00e9rica Latina y el Caribe (CAF) y del Departamento de Formaci\u00f3n y Desarrollo Sostenible del Centre de Ressources, d\u2019Expertise et de Performance Sportives (CREPS).<\/p>\n<p>Para el ministro del deporte, Andr\u00e9s Guschmer, es importante consolidar el intercambio de experiencias y fortalecer la inclusi\u00f3n como ejes del desarrollo deportivo del pa\u00eds. \u201cImpulsar y redoblar esfuerzos, para entender a la inclusi\u00f3n como una condici\u00f3n esencial para el respeto a los derechos humanos, el desarrollo sostenible, la paz y la seguridad, partiendo siempre de la premisa que, si aseguramos los derechos de las personas con discapacidad, aseguramos los derechos para toda la poblaci\u00f3n\u201d, sostuvo Guschmer.<\/p>\n<p>As\u00ed mismo, Fr\u00e9d\u00e9ric Desagneaux, embajador de Francia en Ecuador, ratific\u00f3 la necesidad de estrechar los lazos entre ambas naciones a trav\u00e9s del deporte. Adem\u00e1s, se refiri\u00f3 a la importancia de este tipo de encuentros acad\u00e9micos, previo a los Juegos Ol\u00edmpicos y Paral\u00edmpicos, que tendr\u00e1n sede en su pa\u00eds el pr\u00f3ximo a\u00f1o.<\/p>\n<p>\u201cFrancia hace de la diplomacia deportiva un eje de acci\u00f3n. Par\u00eds 2024 ser\u00e1 un evento relevante para el mundo. Es una responsabilidad social de inclusi\u00f3n, desarrollo, tolerancia y amistad\u201d, indic\u00f3 el embajador.<\/p>\n<p>La primera fecha de este encuentro internacional tambi\u00e9n cont\u00f3 con la participaci\u00f3n de panelistas como Giovanny C\u00e1rdenas, Viceministro del Deporte; Pedro Galarza, Secretario T\u00e9cnico del CONADIS; Erick Tandazo, nadador con discapacidad y medallista parapanamericano; Nicol\u00e1s Berland, responsable del Departamento de Formaci\u00f3n y Desarrollo Sostenible de CREPS; entre otros.<\/p>\n<p>La Jornada para la implementaci\u00f3n de metodolog\u00eda de deporte adaptado se desarrollar\u00e1 hasta el pr\u00f3ximo jueves 7 de diciembre y est\u00e1 dirigida a deportistas, entrenadores, metod\u00f3logos y federaciones deportivas por discapacidad.<\/p>\n","protected":false},"excerpt":{"rendered":"<p>Quito.- Este lunes 4 de diciembre se inaugur\u00f3 el \u201cEncuentro de Deporte para el Desarrollo y Jornada para la implementaci\u00f3n de la metodolog\u00eda para deportistas con discapacidad\u201d, un evento que forma parte de la cooperaci\u00f3n bilateral con Francia, con el apoyo del Consejo Nacional para la Igualdad de Discapacidades (CONADIS), UNESCO, Banco de Desarrollo de [&hellip;]<\/p>\n","protected":false},"author":2,"featured_media":8308,"comment_status":"open","ping_status":"closed","sticky":false,"template":"","format":"standard","meta":{"_jetpack_memberships_contains_paid_content":false,"footnotes":""},"categories":[9],"tags":[1416,169],"class_list":["post-8306","post","type-post","status-publish","format-standard","has-post-thumbnail","hentry","category-deportes","tag-encuentro-de-deporte-para-el-desarrollo","tag-ministerio-del-deporte"],"jetpack_featured_media_url":"https:\/\/radiocresatelital.com\/wp-content\/uploads\/2023\/12\/GAhY33ZX0AAWh1G.jpeg","jetpack_sharing_enabled":true,"_links":{"self":[{"href":"https:\/\/radiocresatelital.com\/index.php?rest_route=\/wp\/v2\/posts\/8306","targetHints":{"allow":["GET"]}}],"collection":[{"href":"https:\/\/radiocresatelital.com\/index.php?rest_route=\/wp\/v2\/posts"}],"about":[{"href":"https:\/\/radiocresatelital.com\/index.php?rest_route=\/wp\/v2\/types\/post"}],"author":[{"embeddable":true,"href":"https:\/\/radiocresatelital.com\/index.php?rest_route=\/wp\/v2\/users\/2"}],"replies":[{"embeddable":true,"href":"https:\/\/radiocresatelital.com\/index.php?rest_route=%2Fwp%2Fv2%2Fcomments&post=8306"}],"version-history":[{"count":1,"href":"https:\/\/radiocresatelital.com\/index.php?rest_route=\/wp\/v2\/posts\/8306\/revisions"}],"predecessor-version":[{"id":8309,"href":"https:\/\/radiocresatelital.com\/index.php?rest_route=\/wp\/v2\/posts\/8306\/revisions\/8309"}],"wp:featuredmedia":[{"embeddable":true,"href":"https:\/\/radiocresatelital.com\/index.php?rest_route=\/wp\/v2\/media\/8308"}],"wp:attachment":[{"href":"https:\/\/radiocresatelital.com\/index.php?rest_route=%2Fwp%2Fv2%2Fmedia&parent=8306"}],"wp:term":[{"taxonomy":"category","embeddable":true,"href":"https:\/\/radiocresatelital.com\/index.php?rest_route=%2Fwp%2Fv2%2Fcategories&post=8306"},{"taxonomy":"post_tag","embeddable":true,"href":"https:\/\/radiocresatelital.com\/index.php?rest_route=%2Fwp%2Fv2%2Ftags&post=8306"}],"curies":[{"name":"wp","href":"https:\/\/api.w.org\/{rel}","templated":true}]}}