{"id":8260,"date":"2023-12-02T23:20:16","date_gmt":"2023-12-02T23:20:16","guid":{"rendered":"https:\/\/radiocresatelital.com\/?p=8260"},"modified":"2023-12-02T23:20:27","modified_gmt":"2023-12-02T23:20:27","slug":"orense-va-por-la-clasificacion-a-conmebol-sudamericana","status":"publish","type":"post","link":"https:\/\/radiocresatelital.com\/?p=8260","title":{"rendered":"Orense va por la clasificaci\u00f3n a Conmebol Sudamericana"},"content":{"rendered":"<p>Machala.- En el Estadio 9 de Mayo &#8211; Banco de Machala, Orense Sporting Club buscar\u00e1 un cupo a la Conmebol Sudamericana este domingo 03 de diciembre desde las 18h00, en donde espera una masiva asistencia de la afici\u00f3n deportiva de la provincia.<\/p>\n<p>Los \u201cbananeros\u201d, quienes vienen consiguiendo un valioso empate 2 a 2 en condici\u00f3n de visitante ante Independiente del Valle, van por la clasificaci\u00f3n y para esto su objetivo es hacerse de los 3 puntos en su partido ante los orientales.<\/p>\n<p>Este es el \u00fanico resultado en el que solo depender\u00e1n de ellos mismos para acceder por primera vez a un torneo internacional, pues con un empate o una derrota, los dirigidos por el profesor Juan Carlos Le\u00f3n deber\u00e1n esperar a que Deportivo Cuenca o T\u00e9cnico Universitario, tambi\u00e9n opcionados a acceder a la Sudamericana, tropiecen ante sus rivales de turno.<\/p>\n<p>El equipo de la provincia de El Oro espera el respaldo de su gente y es por esto que su directiva ha decidido poner una gran promoci\u00f3n en todas sus localidades:<br \/>\n3&#215;1 en general ($5.50) y preferencia ($7.50), 2&#215;1 en tribuna ($11) y palco ($22)<\/p>\n<p>Los hinchas podr\u00e1n acceder con la promo vistiendo una camiseta hincha Orense o de color verde.<\/p>\n<p>Los hinchas podr\u00e1n adquirir sus entradas este domingo en las boleter\u00edas del estadio a partir de las 08h00 hasta el final del primer tiempo o hasta agotar stock, mientras que en Orense Unioro podr\u00e1n comprarlas de 08h30 a 17h00.<\/p>\n<p>Orense S.C. busca sellar su pasaporte a lo que podr\u00eda ser su primera participaci\u00f3n internacional con su primer equipo, y segunda en la historia de un equipo orense, pero con el af\u00e1n de por primera vez tener como sede el Estadio 9 de Mayo &#8211; Banco de Machala.<\/p>\n","protected":false},"excerpt":{"rendered":"<p>Machala.- En el Estadio 9 de Mayo &#8211; Banco de Machala, Orense Sporting Club buscar\u00e1 un cupo a la Conmebol Sudamericana este domingo 03 de diciembre desde las 18h00, en donde espera una masiva asistencia de la afici\u00f3n deportiva de la provincia. Los \u201cbananeros\u201d, quienes vienen consiguiendo un valioso empate 2 a 2 en condici\u00f3n [&hellip;]<\/p>\n","protected":false},"author":2,"featured_media":8261,"comment_status":"open","ping_status":"closed","sticky":false,"template":"","format":"standard","meta":{"_jetpack_memberships_contains_paid_content":false,"footnotes":""},"categories":[626,73],"tags":[929,135,127],"class_list":["post-8260","post","type-post","status-publish","format-standard","has-post-thumbnail","hentry","category-futbol-nacional","category-liga-pro","tag-futbol-nacional","tag-liga-pro","tag-orense"],"jetpack_featured_media_url":"https:\/\/radiocresatelital.com\/wp-content\/uploads\/2023\/12\/e3e2ec4b-4375-4f7c-8ff1-9175628ad539-scaled.jpeg","jetpack_sharing_enabled":true,"_links":{"self":[{"href":"https:\/\/radiocresatelital.com\/index.php?rest_route=\/wp\/v2\/posts\/8260","targetHints":{"allow":["GET"]}}],"collection":[{"href":"https:\/\/radiocresatelital.com\/index.php?rest_route=\/wp\/v2\/posts"}],"about":[{"href":"https:\/\/radiocresatelital.com\/index.php?rest_route=\/wp\/v2\/types\/post"}],"author":[{"embeddable":true,"href":"https:\/\/radiocresatelital.com\/index.php?rest_route=\/wp\/v2\/users\/2"}],"replies":[{"embeddable":true,"href":"https:\/\/radiocresatelital.com\/index.php?rest_route=%2Fwp%2Fv2%2Fcomments&post=8260"}],"version-history":[{"count":1,"href":"https:\/\/radiocresatelital.com\/index.php?rest_route=\/wp\/v2\/posts\/8260\/revisions"}],"predecessor-version":[{"id":8262,"href":"https:\/\/radiocresatelital.com\/index.php?rest_route=\/wp\/v2\/posts\/8260\/revisions\/8262"}],"wp:featuredmedia":[{"embeddable":true,"href":"https:\/\/radiocresatelital.com\/index.php?rest_route=\/wp\/v2\/media\/8261"}],"wp:attachment":[{"href":"https:\/\/radiocresatelital.com\/index.php?rest_route=%2Fwp%2Fv2%2Fmedia&parent=8260"}],"wp:term":[{"taxonomy":"category","embeddable":true,"href":"https:\/\/radiocresatelital.com\/index.php?rest_route=%2Fwp%2Fv2%2Fcategories&post=8260"},{"taxonomy":"post_tag","embeddable":true,"href":"https:\/\/radiocresatelital.com\/index.php?rest_route=%2Fwp%2Fv2%2Ftags&post=8260"}],"curies":[{"name":"wp","href":"https:\/\/api.w.org\/{rel}","templated":true}]}}