{"id":8257,"date":"2023-12-02T23:17:06","date_gmt":"2023-12-02T23:17:06","guid":{"rendered":"https:\/\/radiocresatelital.com\/?p=8257"},"modified":"2023-12-02T23:17:06","modified_gmt":"2023-12-02T23:17:06","slug":"municipio-de-guayaquil-conmemora-el-dia-internacional-de-las-personas-con-discapacidad-con-deporte-inclusivo","status":"publish","type":"post","link":"https:\/\/radiocresatelital.com\/?p=8257","title":{"rendered":"Municipio de Guayaquil conmemora el D\u00eda Internacional de las Personas con Discapacidad con deporte inclusivo"},"content":{"rendered":"<p>Guayaquil.- Con motivo del D\u00eda Internacional de las Personas con Discapacidad, que se conmemora cada 3 de diciembre, en el coliseo Polideportivo Abel Jim\u00e9nez Parra, ubicado en el parque Samanes, se realizar\u00e1n dos eventos, uno de ellos es el torneo deportivo Desaf\u00edo Rugby sobre Ruedas, y el otro, es el Campamento Aventura Sin Barreras.<\/p>\n<p>En los exteriores del coliseo, la Direcci\u00f3n de Deportes realizar\u00e1 el Campamento Aventura Sin Barreras, que consiste en una pr\u00e1ctica de deporte adaptado dirigido a las personas con discapacidad.<\/p>\n<p>El torneo deportivo, parte de la campa\u00f1a denominada InclusivaMENTE, es organizado por la Direcci\u00f3n de Inclusi\u00f3n Social<br \/>\njunto con la Direcci\u00f3n de Deportes. El objetivo es demostrar que el rugby en silla de ruedas es una disciplina vibrante y competitiva, adem\u00e1s de resaltar la inclusi\u00f3n activa de atletas con discapacidad en el \u00e1mbito deportivo.<\/p>\n<p>El objetivo del Municipio es fomentar la inclusi\u00f3n social y deportiva, al mostrar que las personas con discapacidad pueden participar plenamente en deportes y competir de manera justa con atletas sin discapacidad.<\/p>\n<p>La entrada al torneo Desaf\u00edo Rugby sobre Ruedas consiste en la donaci\u00f3n de un juguete en buen estado, que ser\u00e1n destinados a los ni\u00f1os y ni\u00f1as con discapacidad que son atendidos en el \u00c1rea Territorial Inclusiva del Guasmo Norte.<\/p>\n","protected":false},"excerpt":{"rendered":"<p>Guayaquil.- Con motivo del D\u00eda Internacional de las Personas con Discapacidad, que se conmemora cada 3 de diciembre, en el coliseo Polideportivo Abel Jim\u00e9nez Parra, ubicado en el parque Samanes, se realizar\u00e1n dos eventos, uno de ellos es el torneo deportivo Desaf\u00edo Rugby sobre Ruedas, y el otro, es el Campamento Aventura Sin Barreras. En [&hellip;]<\/p>\n","protected":false},"author":2,"featured_media":8258,"comment_status":"open","ping_status":"closed","sticky":false,"template":"","format":"standard","meta":{"_jetpack_memberships_contains_paid_content":false,"footnotes":""},"categories":[13],"tags":[293,1366,1404],"class_list":["post-8257","post","type-post","status-publish","format-standard","has-post-thumbnail","hentry","category-noticias-nacionales","tag-alcaldia-de-guayaquil","tag-dia-internacional","tag-personas-con-discapacidad"],"jetpack_featured_media_url":"https:\/\/radiocresatelital.com\/wp-content\/uploads\/2023\/12\/discapacidad-fisica.png","jetpack_sharing_enabled":true,"_links":{"self":[{"href":"https:\/\/radiocresatelital.com\/index.php?rest_route=\/wp\/v2\/posts\/8257","targetHints":{"allow":["GET"]}}],"collection":[{"href":"https:\/\/radiocresatelital.com\/index.php?rest_route=\/wp\/v2\/posts"}],"about":[{"href":"https:\/\/radiocresatelital.com\/index.php?rest_route=\/wp\/v2\/types\/post"}],"author":[{"embeddable":true,"href":"https:\/\/radiocresatelital.com\/index.php?rest_route=\/wp\/v2\/users\/2"}],"replies":[{"embeddable":true,"href":"https:\/\/radiocresatelital.com\/index.php?rest_route=%2Fwp%2Fv2%2Fcomments&post=8257"}],"version-history":[{"count":1,"href":"https:\/\/radiocresatelital.com\/index.php?rest_route=\/wp\/v2\/posts\/8257\/revisions"}],"predecessor-version":[{"id":8259,"href":"https:\/\/radiocresatelital.com\/index.php?rest_route=\/wp\/v2\/posts\/8257\/revisions\/8259"}],"wp:featuredmedia":[{"embeddable":true,"href":"https:\/\/radiocresatelital.com\/index.php?rest_route=\/wp\/v2\/media\/8258"}],"wp:attachment":[{"href":"https:\/\/radiocresatelital.com\/index.php?rest_route=%2Fwp%2Fv2%2Fmedia&parent=8257"}],"wp:term":[{"taxonomy":"category","embeddable":true,"href":"https:\/\/radiocresatelital.com\/index.php?rest_route=%2Fwp%2Fv2%2Fcategories&post=8257"},{"taxonomy":"post_tag","embeddable":true,"href":"https:\/\/radiocresatelital.com\/index.php?rest_route=%2Fwp%2Fv2%2Ftags&post=8257"}],"curies":[{"name":"wp","href":"https:\/\/api.w.org\/{rel}","templated":true}]}}