{"id":8253,"date":"2023-12-02T22:59:16","date_gmt":"2023-12-02T22:59:16","guid":{"rendered":"https:\/\/radiocresatelital.com\/?p=8253"},"modified":"2023-12-02T22:59:16","modified_gmt":"2023-12-02T22:59:16","slug":"politica-y-seguridad-para-la-construccion-del-nuevo-ecuador","status":"publish","type":"post","link":"https:\/\/radiocresatelital.com\/?p=8253","title":{"rendered":"Pol\u00edtica y Seguridad para la Construcci\u00f3n del Nuevo Ecuador"},"content":{"rendered":"<p>Guayaquil.- La ministra de Gobierno y del Interior, M\u00f3nica Palencia, se refiri\u00f3 a pol\u00edtica, seguridad y temas de coyuntura nacional en el programa Vera a su Manera, conducido por el periodista Carlos Vera. Durante su intervenci\u00f3n, resalt\u00f3 en primer lugar el liderazgo del presidente Daniel Noboa, sus convicciones, acciones y profesionalismo, valores que la comprometen con la construcci\u00f3n del Nuevo Ecuador.<\/p>\n<p>Palencia destac\u00f3 que asumi\u00f3 el rol de Ministra para colaborar activamente en la gobernanza del pa\u00eds desde la institucionalidad, al ser parte de un Gobierno que, desde el primer d\u00eda, se ha concentrado en priorizar las necesidades para hacer que los recursos alcancen.<\/p>\n<p>Su propuesta es fomentar una cultura de la legalidad como una forma de vida: \u201cSolo cuando tengamos una mentalidad que implique el respeto a la legalidad nosotros podremos transformar estructuras\u201d, afirm\u00f3.<\/p>\n<p>Sobre seguridad, la titular de esta Cartera de Estado destac\u00f3 que el pa\u00eds enfrenta una guerra con la delincuencia organizada, miner\u00eda ilegal y actividades terroristas: \u201cLa guerra ya est\u00e1, no es que la vamos a hacer, estamos en guerra: no escogimos los enemigos. Es una responsabilidad de la sociedad civil, y no solo del Gobierno, participar activamente desde todos los espacios\u201d.<\/p>\n<p>Ante la consulta del entrevistador, sobre las propuestas legislativas en materia de seguridad, la Ministra destac\u00f3 que los acuerdos, los decretos y las leyes \u201cdan los marcos operativos para la persecuci\u00f3n, como la Ley de Extinci\u00f3n de Dominio y la Ley de Lavado de Activos. Ahora tenemos una UAFE a cargo de un t\u00e9cnico, un SRI fortalecido, institucionalidad en todo aspecto\u201d. Sin embargo, afirm\u00f3 que el problema es mucho m\u00e1s profundo que una ley, porque se trata de cambiar la mentalidad delincuencial.<\/p>\n<p>Para dar respuesta a este problema, la Ministra asegur\u00f3 que todas las acciones del Gobierno est\u00e1n transversalizadas a nivel ministerial. \u201cVa a trabajar Defensa de la mano, hist\u00f3ricamente, del Interior, del Ministerio de Gobierno, del Ministerio de Finanzas, del Ministerio de Cultura\u201d para asegurar la construcci\u00f3n del Nuevo Ecuador.<\/p>\n<p>Respecto al funcionamiento de los ministerios de Gobierno y del Interior, Palencia resalt\u00f3 que se mantendr\u00e1 al frente de ambas instituciones: \u201cEsas carteras no est\u00e1n separadas; en este momento, hay un proceso de escisi\u00f3n que nunca ha concluido. Estamos con un equipo t\u00e9cnico viendo c\u00f3mo vamos a articular ese proceso. Hay que establecer una separaci\u00f3n clara, pero no un divorcio\u201d.<\/p>\n<p>Dijo tambi\u00e9n que el Gobierno mantiene acciones en el \u00e1rea social y el trabajo contin\u00faa con interdisciplinariedad, a partir de la colaboraci\u00f3n integral de los ministerios y en miras de la cercana presentaci\u00f3n del Plan Nacional de Desarrollo del presidente Noboa. \u201cEl hecho de que se haya mandado una ley econ\u00f3mica urgente no significa que no se est\u00e9 trabajando desde lo social. Tenemos un Ministerio de Inclusi\u00f3n Econ\u00f3mica y Social, de Educaci\u00f3n, de Salud P\u00fablica que est\u00e1n trabajando\u201d.<\/p>\n<p>Durante la entrevista, la ministra Palencia puntualiz\u00f3 que el General C\u00e9sar Zapata ha sido ratificado como Comandante General de la Polic\u00eda Nacional del Ecuador.<\/p>\n<p>Asimismo, destac\u00f3 el trabajo con la instituci\u00f3n policial: \u201cEstamos ofreciendo trabajo, trabajo y trabajo. Los resultados est\u00e1n por verse, tenemos una planificaci\u00f3n estrat\u00e9gica muy bien organizada en materia de seguridad. Va a haber inteligencia estrat\u00e9gica, inteligencia t\u00e1ctica e inteligencia operativa. Ya hubo un primer paso, cambios en los generales de la Polic\u00eda, pero no solo en los generales sino en los cargos, las actividades que van a hacer cada general. Tengo un profundo concepto de la institucionalidad con respecto a la Polic\u00eda\u201d. A la par mencion\u00f3 que al momento ya se cuenta con un profesional del m\u00e1s alto nivel que estar\u00e1 a cargo del CIES y del SNAI.<\/p>\n<p>Sobre la paz social para Guayas y Esmeraldas, Palencia resalt\u00f3 la necesidad de trabajar en la prevenci\u00f3n y en la represi\u00f3n frente al enemigo com\u00fan que es la delincuencia organizada. \u201cNo hay ciudadanos de primera y segunda categor\u00eda cuando de la vida humana se trata. Estamos haciendo un an\u00e1lisis t\u00e9cnico para saber que podemos lograr, estoy en conversaciones con el se\u00f1or gobernador y otros entes\u201d, puntualiz\u00f3.<\/p>\n<p>Finalmente, la Ministra destac\u00f3 su compromiso con el Ecuador e inst\u00f3 a toda la ciudadan\u00eda a construir un Nuevo Ecuador con optimismo y fuerza. \u201cVamos a construir seguridad no solo con drones y tecnolog\u00eda de punta, sino con seres humanos, soldados, militares, polic\u00edas, siempre y cuando los cuidemos como nuestro m\u00e1s valioso tesoro. Necesitamos sociedad civil, militares, polic\u00edas caminando juntos de la mano, porque, aunque tengamos mucha tecnolog\u00eda, si no tenemos seres humanos dispuestos a luchar por este territorio, nos podemos hundir\u201d.<\/p>\n<p>\u201cYo estoy dispuesta a dar la vida por este pa\u00eds, creo una de las cosas que aprend\u00ed de Francisco Huerta Montalvo es amar al Ecuador y que quien no tiene algo de Quijote no merece el respeto de sus semejantes. Yo s\u00e9 los riesgos que corro, s\u00e9 lo que estoy haciendo al cambiar a generales de la c\u00fapula policial. Voy a correr todos los riesgos que sean necesarios por el Ecuador\u201d.<\/p>\n<p>\u201cLa familia es una unidad, una c\u00e9dula fundamental vamos a hacer un mega congreso internacional ecum\u00e9nico para fortalecimiento de la uni\u00f3n familiar, cualquiera que vive bajo el mismo techo o teniendo un v\u00ednculo consangu\u00edneo en otros pa\u00edses debe tener ese v\u00ednculo que ense\u00f1e el amor por lo nuestro\u201d.<\/p>\n","protected":false},"excerpt":{"rendered":"<p>Guayaquil.- La ministra de Gobierno y del Interior, M\u00f3nica Palencia, se refiri\u00f3 a pol\u00edtica, seguridad y temas de coyuntura nacional en el programa Vera a su Manera, conducido por el periodista Carlos Vera. Durante su intervenci\u00f3n, resalt\u00f3 en primer lugar el liderazgo del presidente Daniel Noboa, sus convicciones, acciones y profesionalismo, valores que la comprometen [&hellip;]<\/p>\n","protected":false},"author":2,"featured_media":8254,"comment_status":"open","ping_status":"closed","sticky":false,"template":"","format":"standard","meta":{"_jetpack_memberships_contains_paid_content":false,"footnotes":""},"categories":[13],"tags":[1403,1337],"class_list":["post-8253","post","type-post","status-publish","format-standard","has-post-thumbnail","hentry","category-noticias-nacionales","tag-ministra-de-gobierno-y-del-interior","tag-monica-palencia"],"jetpack_featured_media_url":"https:\/\/radiocresatelital.com\/wp-content\/uploads\/2023\/12\/IMG-20231202-WA0014.jpg","jetpack_sharing_enabled":true,"_links":{"self":[{"href":"https:\/\/radiocresatelital.com\/index.php?rest_route=\/wp\/v2\/posts\/8253","targetHints":{"allow":["GET"]}}],"collection":[{"href":"https:\/\/radiocresatelital.com\/index.php?rest_route=\/wp\/v2\/posts"}],"about":[{"href":"https:\/\/radiocresatelital.com\/index.php?rest_route=\/wp\/v2\/types\/post"}],"author":[{"embeddable":true,"href":"https:\/\/radiocresatelital.com\/index.php?rest_route=\/wp\/v2\/users\/2"}],"replies":[{"embeddable":true,"href":"https:\/\/radiocresatelital.com\/index.php?rest_route=%2Fwp%2Fv2%2Fcomments&post=8253"}],"version-history":[{"count":1,"href":"https:\/\/radiocresatelital.com\/index.php?rest_route=\/wp\/v2\/posts\/8253\/revisions"}],"predecessor-version":[{"id":8255,"href":"https:\/\/radiocresatelital.com\/index.php?rest_route=\/wp\/v2\/posts\/8253\/revisions\/8255"}],"wp:featuredmedia":[{"embeddable":true,"href":"https:\/\/radiocresatelital.com\/index.php?rest_route=\/wp\/v2\/media\/8254"}],"wp:attachment":[{"href":"https:\/\/radiocresatelital.com\/index.php?rest_route=%2Fwp%2Fv2%2Fmedia&parent=8253"}],"wp:term":[{"taxonomy":"category","embeddable":true,"href":"https:\/\/radiocresatelital.com\/index.php?rest_route=%2Fwp%2Fv2%2Fcategories&post=8253"},{"taxonomy":"post_tag","embeddable":true,"href":"https:\/\/radiocresatelital.com\/index.php?rest_route=%2Fwp%2Fv2%2Ftags&post=8253"}],"curies":[{"name":"wp","href":"https:\/\/api.w.org\/{rel}","templated":true}]}}